{"id":9965,"date":"2023-09-22T13:59:25","date_gmt":"2023-09-22T13:59:25","guid":{"rendered":"https:\/\/www.estiber.com\/blog\/?p=9965"},"modified":"2024-08-30T07:35:07","modified_gmt":"2024-08-30T07:35:07","slug":"refugios-en-cataluna","status":"publish","type":"post","link":"https:\/\/www.estiber.com\/blog\/refugios-en-cataluna\/","title":{"rendered":"Los 17 refugios m\u00e1s espectaculares de Catalu\u00f1a"},"content":{"rendered":"<p>Si te gusta la monta\u00f1a, seguro que has pasado alguna noche en ella. Es entonces cuando entramos en una dimensi\u00f3n m\u00e1gica y, en cierto modo, m\u00edstica; preciosa, iluminada \u00fanicamente por la luna (si la hay) y las estrellas, que nunca te hab\u00edas imaginado que hab\u00eda tantas en el cielo; en medio de una quietud extraordinaria, en la que destaca cada sonido de la naturaleza. Si nunca has vivido todo esto, \u00bfa qu\u00e9 esperas? Primero, elige un buen destino. Sin duda, el Pirineo y las monta\u00f1as de Catalu\u00f1a son un lugar excepcional para <strong>disfrutar de la naturaleza m\u00e1s salvaje<\/strong> y despertarte en medio de un entorno espectacular. Adem\u00e1s, este destino es magnifico incluso para aquellas personas amantes del invierno, y es que si vas a <a href=\"https:\/\/www.estiber.com\/es_ES\/ofertas-esqui-pirineo-catalan\">esquiar en Catalu\u00f1a<\/a> podr\u00e1s disfrutar de estaciones de esqu\u00ed maravillosas. Estos son los <strong>mejores refugios de Catalu\u00f1a<\/strong> para pernoctar en plena alta monta\u00f1a durante alguna de las <a href=\"https:\/\/www.estiber.com\/blog\/rutas-senderismo-cataluna\/\">mejores rutas de senderismo en Catalu\u00f1a<\/a>.<\/p>\n<h2>Refugios libres en Catalu\u00f1a<\/h2>\n<p><img loading=\"lazy\" decoding=\"async\" class=\"alignnone wp-image-9992 size-full\" src=\"https:\/\/www.estiber.com\/blog\/wp-content\/uploads\/2023\/09\/refugios-libres-cataluna.jpg\" alt=\"refugios en catalu\u00f1a\" width=\"750\" height=\"498\" srcset=\"https:\/\/www.estiber.com\/blog\/wp-content\/uploads\/2023\/09\/refugios-libres-cataluna.jpg 750w, https:\/\/www.estiber.com\/blog\/wp-content\/uploads\/2023\/09\/refugios-libres-cataluna-300x199.jpg 300w, https:\/\/www.estiber.com\/blog\/wp-content\/uploads\/2023\/09\/refugios-libres-cataluna-375x250.jpg 375w, https:\/\/www.estiber.com\/blog\/wp-content\/uploads\/2023\/09\/refugios-libres-cataluna-600x398.jpg 600w\" sizes=\"auto, (max-width: 750px) 100vw, 750px\" \/><\/p>\n<p>Empezamos por los refugios que no te costar\u00e1n un duro en tu escapada por las monta\u00f1as catalanas. Se trata de los refugios libres o no guardados, que son los m\u00e1s sencillos. Aqu\u00ed no esper\u00e9is ni una ducha, ni un v\u00e1ter, ni una cocina, ni un enchufe, ni nada similar. Se trata de <strong>espacios cubiertos<\/strong> que est\u00e1n<strong> abiertos todo el a\u00f1o<\/strong> para uso y disfrute de cualquier persona. Un buen lugar para parar a comer, echarse una siesta o pasar la noche.<\/p>\n<p>Tienes que llevar las provisiones necesarias para pasar la noche, tanto de agua como de comida, as\u00ed como saco de dormir y esterilla. Normalmente suelen tener un espacio habilitado con chimenea para hacer fuego. Estos son algunos de los refugios libres en Catalu\u00f1a m\u00e1s interesantes:<\/p>\n<ul>\n<li><strong>Cova Cambra<\/strong>, en Els Ports de Tortosa, a 1.306 metros. Se puede <strong>llegar a pie<\/strong> desde la fuente del Mascar. Es bastante espacioso, con capacidad para hasta<strong> 18 personas<\/strong>.<\/li>\n<li><strong>Refugio Broate<\/strong>, en Vall de Card\u00f3s (Alt Pirineu), a 2.218 metros. Se sube <strong>desde el Pla de Boavi<\/strong> y est\u00e1 en uno de los emplazamientos m\u00e1s ind\u00f3mitos y aislados de los Pirineos. Un buen lugar para ascender a la emblem\u00e1tica Pica d\u2019Estats. Tiene <strong>equipaci\u00f3n de emergencia<\/strong>.<\/li>\n<li><strong>Refugio Besiberri<\/strong>, en el Pirineo Occidental, a 2.221 metros. Est\u00e1 en el valle de Besiberri, en la zona perif\u00e9rica del <strong>Parque Nacional d\u2019Aig\u00fcestortes i Estany de Sant Maurici<\/strong>, un enclave privilegiado. Es el \u00fanico equipamiento que existe en este solitario valle. Se puede aparcar un kil\u00f3metro antes de la boca sur del T\u00fanel de Vielha, uno de los <a href=\"https:\/\/www.estiber.com\/blog\/los-10-pueblos-de-pirineo-catalan-con-mas-encanto\/\">pueblos del Pirineo Catal\u00e1 con m\u00e1s encanto<\/a>, desde donde se remonta el curso del barranco y se llega a este refugio del Pirineo Catal\u00e1n en 2 horas y media.<\/li>\n<\/ul>\n<h2>Refugios de monta\u00f1a de Catalu\u00f1a guardados<\/h2>\n<p><img loading=\"lazy\" decoding=\"async\" class=\"alignnone wp-image-9982 size-full\" src=\"https:\/\/www.estiber.com\/blog\/wp-content\/uploads\/2023\/09\/refugios-guardados-cataluna.jpg\" alt=\"refugios en catalu\u00f1a\" width=\"750\" height=\"500\" srcset=\"https:\/\/www.estiber.com\/blog\/wp-content\/uploads\/2023\/09\/refugios-guardados-cataluna.jpg 750w, https:\/\/www.estiber.com\/blog\/wp-content\/uploads\/2023\/09\/refugios-guardados-cataluna-300x200.jpg 300w, https:\/\/www.estiber.com\/blog\/wp-content\/uploads\/2023\/09\/refugios-guardados-cataluna-375x250.jpg 375w, https:\/\/www.estiber.com\/blog\/wp-content\/uploads\/2023\/09\/refugios-guardados-cataluna-600x400.jpg 600w\" sizes=\"auto, (max-width: 750px) 100vw, 750px\" \/><\/p>\n<p>Se trata igualmente de experiencias fant\u00e1sticas para pasar una noche (o m\u00e1s) en medio de la naturaleza, pero con algunas comodidades m\u00e1s (\u00a1aunque tampoco muchas m\u00e1s!). Al igual que en Catalu\u00f1a, hay diversos destinos que ofrecen cobijo en medio de la monta\u00f1a donde podemos descansar despu\u00e9s de una larga jornada de senderismo, como pueden ser <a href=\"https:\/\/www.estiber.com\/blog\/los-refugios-del-pirineo-aragones\/\">los refugios del Pirineo Aragon\u00e9s<\/a>, los conocidos <a href=\"https:\/\/www.estiber.com\/blog\/13-refugios-en-andorra-para-vivir-la-montana-al-maximo\/\">refugios de monta\u00f1a de Andorra<\/a> o los increibles <a href=\"https:\/\/www.estiber.com\/blog\/refugios-de-sierra-nevada\/\">refugios de Sierra Nevada<\/a>. <strong>De ellos se encarga un guarda<\/strong>, que vela por el buen funcionamiento y mantenimiento de las instalaciones, adem\u00e1s de ofrecer servicios de comidas, en la mayor\u00eda de los casos. Estos son los mejores refugios de Catalu\u00f1a que est\u00e1n guardados y, por tanto, <strong>son de pago<\/strong>:<\/p>\n<ul>\n<li><strong>Refugio de les Agulles Vicen\u00e7 Barb\u00e9<\/strong>, a 892 metros, en El Bruc. Un lugar bien cuidado para pernoctar en una de las monta\u00f1as emblem\u00e1ticas de Catalu\u00f1a: Montserrat. <strong>Abre los fines de semana<\/strong> y tiene <strong>20 plazas<\/strong>.<\/li>\n<li><strong>Refugio Arderic\u00f3<\/strong>, a 1.326 metros, en La Pobla de Lillet. Se trata de una antigua mas\u00eda del siglo XVII que se ha reconvertido en refugio de media monta\u00f1a, dentro del Espacio Natural Protegido de la Sierra de Catllar\u00e0s. Un espacio con mucha historia. Tiene <strong>20 plazas<\/strong>.<\/li>\n<li><strong>Refugio de Erols<\/strong>, a 1.297 metros, en Castellar de n\u2019Hug. Est\u00e1 en el <a href=\"https:\/\/www.estiber.com\/blog\/parque-natural-cadi-moixero-rutas\/?_gl=1*1kuk5w1*_up*MQ..*_ga*OTIwNjc1Njc0LjE3MjUwMDE4MDk.*_ga_JG64XSL9XH*MTcyNTAwMTgwOC4xLjEuMTcyNTAwMTg2My4wLjAuNDk1ODE3NDgz\"><strong>parque natural del Cad\u00ed-Moixer\u00f3<\/strong><\/a> y os permitir\u00e1 dormir en una bonita y gran casa de piedra. Tiene <strong>50 plazas<\/strong>.<\/li>\n<li><strong>Refugio Amics del Montgarri<\/strong>, a 1.675 metros, en Naut Aran. Uno de los refugios de Catalu\u00f1a m\u00e1s m\u00edticos, en un <strong>entorno de lujo<\/strong>: a orillas del r\u00edo Noguera Pallaresa y en la antigua rector\u00eda del Santuario de Montgarri, a 900 metros de las ruinas del pueblo abandonado. Tiene <strong>45 plazas<\/strong>.<\/li>\n<li><strong>Refugio de Amitges<\/strong>, a 2.365 metros, en Espot. Est\u00e1 en plena<strong> ruta del \u201cCarros de Foc\u201d<\/strong>, la que recorre el Parque Nacional de Aig\u00fcestortes i Estany de Sant Maurici. Lo encontrar\u00e9is, concretamente, en el <strong>lago Grande de Amitges<\/strong>, con una terraza con unas vistas absolutamente espectaculares. Tiene capacidad para <strong>74 personas<\/strong>.<\/li>\n<li><strong>Refugio Certascan<\/strong>, a 2.232, en Lladorre. Est\u00e1 junto al lago m\u00e1s grande de los Pirineos Catalanes, el de Certascan, en la cabecera del valle de Card\u00f3s. Por aqu\u00ed pasan muchos circuitos y traves\u00edas. Tiene <strong>40 plazas<\/strong>.<\/li>\n<\/ul>\n<p><iframe loading=\"lazy\" title=\"Refugi de Certascan\" width=\"925\" height=\"520\" src=\"https:\/\/www.youtube.com\/embed\/T44TKS5avmU?feature=oembed\" frameborder=\"0\" allow=\"accelerometer; autoplay; clipboard-write; encrypted-media; gyroscope; picture-in-picture; web-share\" referrerpolicy=\"strict-origin-when-cross-origin\" allowfullscreen><\/iframe><\/p>\n<ul>\n<li><strong>Refugio Coma de Vaca<\/strong>, a 1.994 metros, en Queralbs. Se trata de uno de los <a href=\"https:\/\/www.estiber.com\/blog\/los-refugios-de-montana\/\">refugios de monta\u00f1a m\u00e1s alucinantes de Espa\u00f1a<\/a>, en el id\u00edlico <strong>Llano de las Yeguas<\/strong>. Est\u00e1 dentro del Parque Natural de las Cabeceras del Ter y del Freser. Tiene capacidad para <strong>42 personas<\/strong>.<\/li>\n<li><strong>Refugio de Malniu<\/strong>, a 2.128 metros, en Meranges. Un precioso refugio de monta\u00f1a catal\u00e1n de piedra en la base de la monta\u00f1a del Puigpedr\u00f3s, <strong>junto al Estany Sec<\/strong>. Desde el mismo pueblo de Meranges sale una pista que llega hasta las instalaciones. Tiene <strong>54 plazas<\/strong>.<\/li>\n<li><strong>Refugio de Ulldeter<\/strong>, a 2.243 metros, en Setcases. Uno de esos refugios que vale la pena visitar tanto en verano como en invierno: est\u00e1 <strong>bajo el circo glaciar de Ulldeter<\/strong>, precioso en \u00e9poca estival, y tambi\u00e9n lleno de nieve en los meses m\u00e1s fr\u00edos del a\u00f1o. De hecho, a solo un kil\u00f3metro est\u00e1n las pistas de la estaci\u00f3n de esqu\u00ed de Vallter 2000. Tiene <strong>57 plaza<\/strong>s.<\/li>\n<\/ul>\n<h2>Refugios albergue de Catalu\u00f1a<\/h2>\n<p><img loading=\"lazy\" decoding=\"async\" class=\"alignnone wp-image-9991 size-full\" src=\"https:\/\/www.estiber.com\/blog\/wp-content\/uploads\/2023\/09\/refugios-albergue-cataluna.jpg\" alt=\"refugios en catalu\u00f1a\" width=\"750\" height=\"500\" srcset=\"https:\/\/www.estiber.com\/blog\/wp-content\/uploads\/2023\/09\/refugios-albergue-cataluna.jpg 750w, https:\/\/www.estiber.com\/blog\/wp-content\/uploads\/2023\/09\/refugios-albergue-cataluna-300x200.jpg 300w, https:\/\/www.estiber.com\/blog\/wp-content\/uploads\/2023\/09\/refugios-albergue-cataluna-375x250.jpg 375w, https:\/\/www.estiber.com\/blog\/wp-content\/uploads\/2023\/09\/refugios-albergue-cataluna-600x400.jpg 600w\" sizes=\"auto, (max-width: 750px) 100vw, 750px\" \/><\/p>\n<p>Se trata de algo as\u00ed como refugios guardados, pero con mejores prestaciones. Vamos, casi como un <strong>\u201chotelito\u201d<\/strong> <strong>en media-alta monta\u00f1a<\/strong>, para los que no quieren prescindir nunca de las comodidades. Estos son los refugios albergue m\u00e1s destacados de Catalu\u00f1a:<\/p>\n<ul>\n<li><strong>Refugio Bag\u00e8s<\/strong>, a 1.767 metros, en La Coma i la Pedra. Si vas a <a href=\"https:\/\/www.estiber.com\/es_ES\/ofertas-esqui-port-del-comte\">esquiar en Port del Comte<\/a>, debes saber que el refugio Ba\u00e8s est\u00e1 a pie de pistas de la estaci\u00f3n, as\u00ed que es una fant\u00e1stica opci\u00f3n para practicar deportes invernales. Pero tambi\u00e9n tiene un entorno espectacular para hacer rutas de monta\u00f1a durante el verano. Tiene <strong>44 plazas<\/strong>.<\/li>\n<li><strong>Refugio Cap del Rec<\/strong>, a 1.956 metros, en Lles de Cerdanya. Se trata de un refugio bastante concurrido del Pirineo Catal\u00e1n, en un <strong>gran chalet de piedra<\/strong>. Es cierto que la grandeza del edificio le quita algo de encanto y se aleja del t\u00edpico refugio de monta\u00f1a, pero ofrece todas las comodidades. Tiene <strong>62 plazas<\/strong>. Sin duda, hacer una ruta de este tipo es uno de los <a href=\"https:\/\/www.estiber.com\/blog\/que-ver-y-hacer-en-la-cerdanya\/\">mejores planes qu\u00e9 hacer en la Cerda\u00f1a<\/a>.<\/li>\n<li><strong>Refugio Vall de Siarb<\/strong>, a 1.301 metros, en Soriguera. Ideal para vivir la experiencia de alojarse en una <strong>antigua casa de piedra<\/strong> habilitada en un pueblo muy tranquilo, en pleno Valle de Siarb. Tiene <strong>23 plazas<\/strong>.<\/li>\n<li><strong>Refugio Corral Blanc<\/strong>, a 1.816 metros, en Planoles. Tiene m\u00e1s aspecto de chalet y est\u00e1 en la <strong>ladera sur del Puigmal<\/strong>, que es la monta\u00f1a m\u00e1s alta de la provincia de Girona, cerca de <a href=\"https:\/\/www.estiber.com\/blog\/que-ver-y-hacer-en-vall-de-nuria\/\">la Vall de Nuria, donde poder ver y hacer diversos planes<\/a>. Este pico se enmarca en la \u201cOlla de N\u00faria\u201d, que rodea el valle y el santuario desde las alturas, una ruta bastante exigente. Tiene<strong> 36 plazas<\/strong>.<\/li>\n<li><strong>Refugio Niu de l\u2019\u00c0liga<\/strong>, a 2.520 metros, en Bag\u00e0. Si reservas un <a href=\"https:\/\/www.estiber.com\/es_ES\/ofertas-esqui-la-molina\">hotel m\u00e1s forfait en La Molina<\/a> o incluso si vas a <a href=\"https:\/\/www.estiber.com\/es_ES\/ofertas-esqui-masella\">esquiar en Masella<\/a>, es interesante que sepas que, este refugio se encuentra en la parte m\u00e1s alta de esta estaci\u00f3n, a solo unos metros de la cima de Tosa d\u2019Alp. Un lugar m\u00e1gico en el que pasar la noche, que adquiere un toque todav\u00eda m\u00e1s especial cuando el entorno est\u00e1 nevado. Se puede acceder tanto en coche como en telecabina (cuando est\u00e1 abierta la estaci\u00f3n). Tiene <strong>27 plazas<\/strong>.<\/li>\n<\/ul>\n","protected":false},"excerpt":{"rendered":"<p>Si te gusta la monta\u00f1a, seguro que has pasado alguna noche en ella. Es entonces cuando entramos en una dimensi\u00f3n m\u00e1gica y, en cierto modo, m\u00edstica; preciosa, iluminada \u00fanicamente por la luna (si la hay) y las estrellas, que nunca te hab\u00edas imaginado que hab\u00eda tantas en el cielo; en medio de una quietud extraordinaria, <a class=\"read-more\" href=\"https:\/\/www.estiber.com\/blog\/refugios-en-cataluna\/\">&#8230;<\/a><\/p>\n","protected":false},"author":1,"featured_media":9995,"comment_status":"open","ping_status":"open","sticky":false,"template":"","format":"standard","meta":{"footnotes":""},"categories":[2],"tags":[88,51,52,32,98,73],"class_list":{"0":"post-9965","1":"post","2":"type-post","3":"status-publish","4":"format-standard","5":"has-post-thumbnail","6":"hentry","7":"category-noticias","8":"tag-esqui","9":"tag-estacion-esqui-la-molina","10":"tag-estacion-esqui-masella","11":"tag-esqui-pirineo-catalan","12":"tag-estacion-esqui-port-del-comte","13":"tag-senderismo-y-excursiones","15":"with-featured-image"},"yoast_head":"<!-- This site is optimized with the Yoast SEO plugin v27.0 - https:\/\/yoast.com\/product\/yoast-seo-wordpress\/ -->\n<title>Los 17 refugios m\u00e1s espectaculares de Catalu\u00f1a | Estiber.com<\/title>\n<meta name=\"description\" content=\"Encuentra aqu\u00ed los mejores refugios de Catalu\u00f1a. Lugares \u00fanicos en los que tendr\u00e1s un contacto directo con la naturaleza durante tu ruta.\" \/>\n<meta name=\"robots\" content=\"index, follow, max-snippet:-1, max-image-preview:large, max-video-preview:-1\" \/>\n<link rel=\"canonical\" href=\"https:\/\/www.estiber.com\/blog\/refugios-en-cataluna\/\" \/>\n<meta property=\"og:locale\" content=\"es_ES\" \/>\n<meta property=\"og:type\" content=\"article\" \/>\n<meta property=\"og:title\" content=\"Los 17 refugios m\u00e1s espectaculares de Catalu\u00f1a | Estiber.com\" \/>\n<meta property=\"og:description\" content=\"Encuentra aqu\u00ed los mejores refugios de Catalu\u00f1a. Lugares \u00fanicos en los que tendr\u00e1s un contacto directo con la naturaleza durante tu ruta.\" \/>\n<meta property=\"og:url\" content=\"https:\/\/www.estiber.com\/blog\/refugios-en-cataluna\/\" \/>\n<meta property=\"og:site_name\" content=\"Blog Estiber\" \/>\n<meta property=\"article:publisher\" content=\"https:\/\/www.facebook.com\/estiberviajes\" \/>\n<meta property=\"article:published_time\" content=\"2023-09-22T13:59:25+00:00\" \/>\n<meta property=\"article:modified_time\" content=\"2024-08-30T07:35:07+00:00\" \/>\n<meta property=\"og:image\" content=\"https:\/\/www.estiber.com\/blog\/wp-content\/uploads\/2023\/09\/refugios-en-cataluna.jpg\" \/>\n\t<meta property=\"og:image:width\" content=\"750\" \/>\n\t<meta property=\"og:image:height\" content=\"498\" \/>\n\t<meta property=\"og:image:type\" content=\"image\/jpeg\" \/>\n<meta name=\"author\" content=\"Viajes Estiber\" \/>\n<meta name=\"twitter:card\" content=\"summary_large_image\" \/>\n<meta name=\"twitter:creator\" content=\"@estiberviajes\" \/>\n<meta name=\"twitter:site\" content=\"@estiberviajes\" \/>\n<meta name=\"twitter:label1\" content=\"Escrito por\" \/>\n\t<meta name=\"twitter:data1\" content=\"Viajes Estiber\" \/>\n\t<meta name=\"twitter:label2\" content=\"Tiempo de lectura\" \/>\n\t<meta name=\"twitter:data2\" content=\"7 minutos\" \/>\n<script type=\"application\/ld+json\" class=\"yoast-schema-graph\">{\"@context\":\"https:\/\/schema.org\",\"@graph\":[{\"@type\":\"Article\",\"@id\":\"https:\/\/www.estiber.com\/blog\/refugios-en-cataluna\/#article\",\"isPartOf\":{\"@id\":\"https:\/\/www.estiber.com\/blog\/refugios-en-cataluna\/\"},\"author\":{\"name\":\"Viajes Estiber\",\"@id\":\"https:\/\/www.estiber.com\/blog\/#\/schema\/person\/9b06974be0d71f639d2b3d7b67ef345a\"},\"headline\":\"Los 17 refugios m\u00e1s espectaculares de Catalu\u00f1a\",\"datePublished\":\"2023-09-22T13:59:25+00:00\",\"dateModified\":\"2024-08-30T07:35:07+00:00\",\"mainEntityOfPage\":{\"@id\":\"https:\/\/www.estiber.com\/blog\/refugios-en-cataluna\/\"},\"wordCount\":1454,\"commentCount\":0,\"publisher\":{\"@id\":\"https:\/\/www.estiber.com\/blog\/#organization\"},\"image\":{\"@id\":\"https:\/\/www.estiber.com\/blog\/refugios-en-cataluna\/#primaryimage\"},\"thumbnailUrl\":\"https:\/\/www.estiber.com\/blog\/wp-content\/uploads\/2023\/09\/refugios-en-cataluna.jpg\",\"keywords\":[\"Esqu\u00ed\",\"La Molina\",\"Masella\",\"Pirineo Catal\u00e1n\",\"Port del Comte\",\"Senderismo y excursiones\"],\"articleSection\":[\"Noticias\"],\"inLanguage\":\"es\",\"potentialAction\":[{\"@type\":\"CommentAction\",\"name\":\"Comment\",\"target\":[\"https:\/\/www.estiber.com\/blog\/refugios-en-cataluna\/#respond\"]}]},{\"@type\":\"WebPage\",\"@id\":\"https:\/\/www.estiber.com\/blog\/refugios-en-cataluna\/\",\"url\":\"https:\/\/www.estiber.com\/blog\/refugios-en-cataluna\/\",\"name\":\"Los 17 refugios m\u00e1s espectaculares de Catalu\u00f1a | Estiber.com\",\"isPartOf\":{\"@id\":\"https:\/\/www.estiber.com\/blog\/#website\"},\"primaryImageOfPage\":{\"@id\":\"https:\/\/www.estiber.com\/blog\/refugios-en-cataluna\/#primaryimage\"},\"image\":{\"@id\":\"https:\/\/www.estiber.com\/blog\/refugios-en-cataluna\/#primaryimage\"},\"thumbnailUrl\":\"https:\/\/www.estiber.com\/blog\/wp-content\/uploads\/2023\/09\/refugios-en-cataluna.jpg\",\"datePublished\":\"2023-09-22T13:59:25+00:00\",\"dateModified\":\"2024-08-30T07:35:07+00:00\",\"description\":\"Encuentra aqu\u00ed los mejores refugios de Catalu\u00f1a. Lugares \u00fanicos en los que tendr\u00e1s un contacto directo con la naturaleza durante tu ruta.\",\"breadcrumb\":{\"@id\":\"https:\/\/www.estiber.com\/blog\/refugios-en-cataluna\/#breadcrumb\"},\"inLanguage\":\"es\",\"potentialAction\":[{\"@type\":\"ReadAction\",\"target\":[\"https:\/\/www.estiber.com\/blog\/refugios-en-cataluna\/\"]}]},{\"@type\":\"ImageObject\",\"inLanguage\":\"es\",\"@id\":\"https:\/\/www.estiber.com\/blog\/refugios-en-cataluna\/#primaryimage\",\"url\":\"https:\/\/www.estiber.com\/blog\/wp-content\/uploads\/2023\/09\/refugios-en-cataluna.jpg\",\"contentUrl\":\"https:\/\/www.estiber.com\/blog\/wp-content\/uploads\/2023\/09\/refugios-en-cataluna.jpg\",\"width\":750,\"height\":498},{\"@type\":\"BreadcrumbList\",\"@id\":\"https:\/\/www.estiber.com\/blog\/refugios-en-cataluna\/#breadcrumb\",\"itemListElement\":[{\"@type\":\"ListItem\",\"position\":1,\"name\":\"Portada\",\"item\":\"https:\/\/www.estiber.com\/blog\/\"},{\"@type\":\"ListItem\",\"position\":2,\"name\":\"Los 17 refugios m\u00e1s espectaculares de Catalu\u00f1a\"}]},{\"@type\":\"WebSite\",\"@id\":\"https:\/\/www.estiber.com\/blog\/#website\",\"url\":\"https:\/\/www.estiber.com\/blog\/\",\"name\":\"Blog Estiber\",\"description\":\"\",\"publisher\":{\"@id\":\"https:\/\/www.estiber.com\/blog\/#organization\"},\"potentialAction\":[{\"@type\":\"SearchAction\",\"target\":{\"@type\":\"EntryPoint\",\"urlTemplate\":\"https:\/\/www.estiber.com\/blog\/?s={search_term_string}\"},\"query-input\":{\"@type\":\"PropertyValueSpecification\",\"valueRequired\":true,\"valueName\":\"search_term_string\"}}],\"inLanguage\":\"es\"},{\"@type\":\"Organization\",\"@id\":\"https:\/\/www.estiber.com\/blog\/#organization\",\"name\":\"Viajes Estiber\",\"url\":\"https:\/\/www.estiber.com\/blog\/\",\"logo\":{\"@type\":\"ImageObject\",\"inLanguage\":\"es\",\"@id\":\"https:\/\/www.estiber.com\/blog\/#\/schema\/logo\/image\/\",\"url\":\"https:\/\/www.estiber.com\/blog\/wp-content\/uploads\/2017\/05\/estiber-ofertas-esqui-2.jpg\",\"contentUrl\":\"https:\/\/www.estiber.com\/blog\/wp-content\/uploads\/2017\/05\/estiber-ofertas-esqui-2.jpg\",\"width\":800,\"height\":800,\"caption\":\"Viajes Estiber\"},\"image\":{\"@id\":\"https:\/\/www.estiber.com\/blog\/#\/schema\/logo\/image\/\"},\"sameAs\":[\"https:\/\/www.facebook.com\/estiberviajes\",\"https:\/\/x.com\/estiberviajes\",\"https:\/\/www.instagram.com\/estiberviajes\/\",\"https:\/\/www.pinterest.com\/estiberviajes\/\"]},{\"@type\":\"Person\",\"@id\":\"https:\/\/www.estiber.com\/blog\/#\/schema\/person\/9b06974be0d71f639d2b3d7b67ef345a\",\"name\":\"Viajes Estiber\",\"image\":{\"@type\":\"ImageObject\",\"inLanguage\":\"es\",\"@id\":\"https:\/\/www.estiber.com\/blog\/#\/schema\/person\/image\/\",\"url\":\"https:\/\/secure.gravatar.com\/avatar\/051495a22a5ce727b6909eb86316af3cfcc7b5e4dea54b863ed8d2281ec15d4a?s=96&d=mm&r=g\",\"contentUrl\":\"https:\/\/secure.gravatar.com\/avatar\/051495a22a5ce727b6909eb86316af3cfcc7b5e4dea54b863ed8d2281ec15d4a?s=96&d=mm&r=g\",\"caption\":\"Viajes Estiber\"},\"description\":\"Ofertas de esqu\u00ed en Andorra, Alpes, Pirineo y Sierra Nevada. Encuentra ofertas de ski hotel m\u00e1s forfait y viajes de esqu\u00ed al mejor precio.\",\"url\":\"https:\/\/www.estiber.com\/blog\/author\/estiber\/\"}]}<\/script>\n<!-- \/ Yoast SEO plugin. -->","yoast_head_json":{"title":"Los 17 refugios m\u00e1s espectaculares de Catalu\u00f1a | Estiber.com","description":"Encuentra aqu\u00ed los mejores refugios de Catalu\u00f1a. Lugares \u00fanicos en los que tendr\u00e1s un contacto directo con la naturaleza durante tu ruta.","robots":{"index":"index","follow":"follow","max-snippet":"max-snippet:-1","max-image-preview":"max-image-preview:large","max-video-preview":"max-video-preview:-1"},"canonical":"https:\/\/www.estiber.com\/blog\/refugios-en-cataluna\/","og_locale":"es_ES","og_type":"article","og_title":"Los 17 refugios m\u00e1s espectaculares de Catalu\u00f1a | Estiber.com","og_description":"Encuentra aqu\u00ed los mejores refugios de Catalu\u00f1a. Lugares \u00fanicos en los que tendr\u00e1s un contacto directo con la naturaleza durante tu ruta.","og_url":"https:\/\/www.estiber.com\/blog\/refugios-en-cataluna\/","og_site_name":"Blog Estiber","article_publisher":"https:\/\/www.facebook.com\/estiberviajes","article_published_time":"2023-09-22T13:59:25+00:00","article_modified_time":"2024-08-30T07:35:07+00:00","og_image":[{"width":750,"height":498,"url":"https:\/\/www.estiber.com\/blog\/wp-content\/uploads\/2023\/09\/refugios-en-cataluna.jpg","type":"image\/jpeg"}],"author":"Viajes Estiber","twitter_card":"summary_large_image","twitter_creator":"@estiberviajes","twitter_site":"@estiberviajes","twitter_misc":{"Escrito por":"Viajes Estiber","Tiempo de lectura":"7 minutos"},"schema":{"@context":"https:\/\/schema.org","@graph":[{"@type":"Article","@id":"https:\/\/www.estiber.com\/blog\/refugios-en-cataluna\/#article","isPartOf":{"@id":"https:\/\/www.estiber.com\/blog\/refugios-en-cataluna\/"},"author":{"name":"Viajes Estiber","@id":"https:\/\/www.estiber.com\/blog\/#\/schema\/person\/9b06974be0d71f639d2b3d7b67ef345a"},"headline":"Los 17 refugios m\u00e1s espectaculares de Catalu\u00f1a","datePublished":"2023-09-22T13:59:25+00:00","dateModified":"2024-08-30T07:35:07+00:00","mainEntityOfPage":{"@id":"https:\/\/www.estiber.com\/blog\/refugios-en-cataluna\/"},"wordCount":1454,"commentCount":0,"publisher":{"@id":"https:\/\/www.estiber.com\/blog\/#organization"},"image":{"@id":"https:\/\/www.estiber.com\/blog\/refugios-en-cataluna\/#primaryimage"},"thumbnailUrl":"https:\/\/www.estiber.com\/blog\/wp-content\/uploads\/2023\/09\/refugios-en-cataluna.jpg","keywords":["Esqu\u00ed","La Molina","Masella","Pirineo Catal\u00e1n","Port del Comte","Senderismo y excursiones"],"articleSection":["Noticias"],"inLanguage":"es","potentialAction":[{"@type":"CommentAction","name":"Comment","target":["https:\/\/www.estiber.com\/blog\/refugios-en-cataluna\/#respond"]}]},{"@type":"WebPage","@id":"https:\/\/www.estiber.com\/blog\/refugios-en-cataluna\/","url":"https:\/\/www.estiber.com\/blog\/refugios-en-cataluna\/","name":"Los 17 refugios m\u00e1s espectaculares de Catalu\u00f1a | Estiber.com","isPartOf":{"@id":"https:\/\/www.estiber.com\/blog\/#website"},"primaryImageOfPage":{"@id":"https:\/\/www.estiber.com\/blog\/refugios-en-cataluna\/#primaryimage"},"image":{"@id":"https:\/\/www.estiber.com\/blog\/refugios-en-cataluna\/#primaryimage"},"thumbnailUrl":"https:\/\/www.estiber.com\/blog\/wp-content\/uploads\/2023\/09\/refugios-en-cataluna.jpg","datePublished":"2023-09-22T13:59:25+00:00","dateModified":"2024-08-30T07:35:07+00:00","description":"Encuentra aqu\u00ed los mejores refugios de Catalu\u00f1a. Lugares \u00fanicos en los que tendr\u00e1s un contacto directo con la naturaleza durante tu ruta.","breadcrumb":{"@id":"https:\/\/www.estiber.com\/blog\/refugios-en-cataluna\/#breadcrumb"},"inLanguage":"es","potentialAction":[{"@type":"ReadAction","target":["https:\/\/www.estiber.com\/blog\/refugios-en-cataluna\/"]}]},{"@type":"ImageObject","inLanguage":"es","@id":"https:\/\/www.estiber.com\/blog\/refugios-en-cataluna\/#primaryimage","url":"https:\/\/www.estiber.com\/blog\/wp-content\/uploads\/2023\/09\/refugios-en-cataluna.jpg","contentUrl":"https:\/\/www.estiber.com\/blog\/wp-content\/uploads\/2023\/09\/refugios-en-cataluna.jpg","width":750,"height":498},{"@type":"BreadcrumbList","@id":"https:\/\/www.estiber.com\/blog\/refugios-en-cataluna\/#breadcrumb","itemListElement":[{"@type":"ListItem","position":1,"name":"Portada","item":"https:\/\/www.estiber.com\/blog\/"},{"@type":"ListItem","position":2,"name":"Los 17 refugios m\u00e1s espectaculares de Catalu\u00f1a"}]},{"@type":"WebSite","@id":"https:\/\/www.estiber.com\/blog\/#website","url":"https:\/\/www.estiber.com\/blog\/","name":"Blog Estiber","description":"","publisher":{"@id":"https:\/\/www.estiber.com\/blog\/#organization"},"potentialAction":[{"@type":"SearchAction","target":{"@type":"EntryPoint","urlTemplate":"https:\/\/www.estiber.com\/blog\/?s={search_term_string}"},"query-input":{"@type":"PropertyValueSpecification","valueRequired":true,"valueName":"search_term_string"}}],"inLanguage":"es"},{"@type":"Organization","@id":"https:\/\/www.estiber.com\/blog\/#organization","name":"Viajes Estiber","url":"https:\/\/www.estiber.com\/blog\/","logo":{"@type":"ImageObject","inLanguage":"es","@id":"https:\/\/www.estiber.com\/blog\/#\/schema\/logo\/image\/","url":"https:\/\/www.estiber.com\/blog\/wp-content\/uploads\/2017\/05\/estiber-ofertas-esqui-2.jpg","contentUrl":"https:\/\/www.estiber.com\/blog\/wp-content\/uploads\/2017\/05\/estiber-ofertas-esqui-2.jpg","width":800,"height":800,"caption":"Viajes Estiber"},"image":{"@id":"https:\/\/www.estiber.com\/blog\/#\/schema\/logo\/image\/"},"sameAs":["https:\/\/www.facebook.com\/estiberviajes","https:\/\/x.com\/estiberviajes","https:\/\/www.instagram.com\/estiberviajes\/","https:\/\/www.pinterest.com\/estiberviajes\/"]},{"@type":"Person","@id":"https:\/\/www.estiber.com\/blog\/#\/schema\/person\/9b06974be0d71f639d2b3d7b67ef345a","name":"Viajes Estiber","image":{"@type":"ImageObject","inLanguage":"es","@id":"https:\/\/www.estiber.com\/blog\/#\/schema\/person\/image\/","url":"https:\/\/secure.gravatar.com\/avatar\/051495a22a5ce727b6909eb86316af3cfcc7b5e4dea54b863ed8d2281ec15d4a?s=96&d=mm&r=g","contentUrl":"https:\/\/secure.gravatar.com\/avatar\/051495a22a5ce727b6909eb86316af3cfcc7b5e4dea54b863ed8d2281ec15d4a?s=96&d=mm&r=g","caption":"Viajes Estiber"},"description":"Ofertas de esqu\u00ed en Andorra, Alpes, Pirineo y Sierra Nevada. Encuentra ofertas de ski hotel m\u00e1s forfait y viajes de esqu\u00ed al mejor precio.","url":"https:\/\/www.estiber.com\/blog\/author\/estiber\/"}]}},"_links":{"self":[{"href":"https:\/\/www.estiber.com\/blog\/wp-json\/wp\/v2\/posts\/9965","targetHints":{"allow":["GET"]}}],"collection":[{"href":"https:\/\/www.estiber.com\/blog\/wp-json\/wp\/v2\/posts"}],"about":[{"href":"https:\/\/www.estiber.com\/blog\/wp-json\/wp\/v2\/types\/post"}],"author":[{"embeddable":true,"href":"https:\/\/www.estiber.com\/blog\/wp-json\/wp\/v2\/users\/1"}],"replies":[{"embeddable":true,"href":"https:\/\/www.estiber.com\/blog\/wp-json\/wp\/v2\/comments?post=9965"}],"version-history":[{"count":16,"href":"https:\/\/www.estiber.com\/blog\/wp-json\/wp\/v2\/posts\/9965\/revisions"}],"predecessor-version":[{"id":13172,"href":"https:\/\/www.estiber.com\/blog\/wp-json\/wp\/v2\/posts\/9965\/revisions\/13172"}],"wp:featuredmedia":[{"embeddable":true,"href":"https:\/\/www.estiber.com\/blog\/wp-json\/wp\/v2\/media\/9995"}],"wp:attachment":[{"href":"https:\/\/www.estiber.com\/blog\/wp-json\/wp\/v2\/media?parent=9965"}],"wp:term":[{"taxonomy":"category","embeddable":true,"href":"https:\/\/www.estiber.com\/blog\/wp-json\/wp\/v2\/categories?post=9965"},{"taxonomy":"post_tag","embeddable":true,"href":"https:\/\/www.estiber.com\/blog\/wp-json\/wp\/v2\/tags?post=9965"}],"curies":[{"name":"wp","href":"https:\/\/api.w.org\/{rel}","templated":true}]}}