{"id":7651,"date":"2023-03-06T16:54:41","date_gmt":"2023-03-06T16:54:41","guid":{"rendered":"https:\/\/www.estiber.com\/blog\/?p=7651"},"modified":"2025-01-28T15:58:23","modified_gmt":"2025-01-28T14:58:23","slug":"raquetas-de-nieve-descubre-las-rutas-increibles","status":"publish","type":"post","link":"https:\/\/www.estiber.com\/blog\/raquetas-de-nieve-descubre-las-rutas-increibles\/","title":{"rendered":"Raquetas de nieve: descubre las rutas m\u00e1s incre\u00edbles"},"content":{"rendered":"<p>Las raquetas de nieve son un deporte invernal perfecto para los amantes del concepto \u00abslow life\u00bb. Ideal para aquellos que buscan <a href=\"https:\/\/www.estiber.com\/blog\/que-hacer-en-una-estacion-de-esqui-si-no-esquias\/\">hacer otra cosa que esquiar en una estaci\u00f3n de esqu\u00ed<\/a>. Para buscar otro punto de vista y otras sensaciones muy diferentes a las del esqu\u00ed, que nos permiten bajar a toda velocidad por las laderas nevadas de las monta\u00f1as, podemos calzarnos estas raquetas para caminar a un ritmo m\u00e1s tranquilo.<\/p>\n<p>Es <strong>como una ruta de senderismo<\/strong>, pero con fr\u00edo y con un entorno que nos permite caminar por pr\u00e1cticamente cualquier sitio, sintiendo el crujir de la nieve bajo nuestros pies, que pisamos y compactamos, y descubriendo rincones incre\u00edbles que de otra manera no podr\u00edamos ver. <strong>Caminar con raquetas de nieve es m\u00e1s cansado que hacerlo en un sendero normal<\/strong>, por el peso y porque a cada paso se nos hunden un poquito los pies (algo as\u00ed a como si anduvi\u00e9ramos por la arena); pero vale la pena, ya que aporta sensaciones inigualables.<\/p>\n<p>\u00bfTe animas a probar lo que originalmente <strong>naci\u00f3 como un medio de transporte en los pa\u00edses m\u00e1s g\u00e9lidos del mundo<\/strong>? \u00a1Vamos a ello! Ahora tu siguiente pregunta ser\u00e1: \u00bfD\u00f3nde est\u00e1n <strong>las mejores rutas para andar con raquetas de nieve<\/strong>? No te pierdas el listado con nuestras recomendaciones.<\/p>\n<h2>Rutas con raquetas de nieve en los Pirineos<\/h2>\n<div align=\"center\">\n<blockquote class=\"instagram-media\" style=\"background: #FFF; border: 0; border-radius: 3px; box-shadow: 0 0 1px 0 rgba(0,0,0,0.5),0 1px 10px 0 rgba(0,0,0,0.15); margin: 1px; max-width: 540px; min-width: 326px; padding: 0; width: calc(100% - 2px);\" data-instgrm-captioned=\"\" data-instgrm-permalink=\"https:\/\/www.instagram.com\/reel\/Cqcx7ypug-y\/?utm_source=ig_embed&amp;utm_campaign=loading\" data-instgrm-version=\"14\">\n<div style=\"padding: 16px;\">\n<p>&nbsp;<\/p>\n<div style=\"display: flex; flex-direction: row; align-items: center;\">\n<div style=\"background-color: #f4f4f4; border-radius: 50%; flex-grow: 0; height: 40px; margin-right: 14px; width: 40px;\"><\/div>\n<div style=\"display: flex; flex-direction: column; flex-grow: 1; justify-content: center;\">\n<div style=\"background-color: #f4f4f4; border-radius: 4px; flex-grow: 0; height: 14px; margin-bottom: 6px; width: 100px;\"><\/div>\n<div style=\"background-color: #f4f4f4; border-radius: 4px; flex-grow: 0; height: 14px; width: 60px;\"><\/div>\n<\/div>\n<\/div>\n<div style=\"padding: 19% 0;\"><\/div>\n<div style=\"display: block; height: 50px; margin: 0 auto 12px; width: 50px;\"><\/div>\n<div style=\"padding-top: 8px;\">\n<div style=\"color: #3897f0; font-family: Arial,sans-serif; font-size: 14px; font-style: normal; font-weight: 550; line-height: 18px;\">Ver esta publicaci\u00f3n en Instagram<\/div>\n<\/div>\n<div style=\"padding: 12.5% 0;\"><\/div>\n<div style=\"display: flex; flex-direction: row; margin-bottom: 14px; align-items: center;\">\n<div>\n<div style=\"background-color: #f4f4f4; border-radius: 50%; height: 12.5px; width: 12.5px; transform: translateX(0px) translateY(7px);\"><\/div>\n<div style=\"background-color: #f4f4f4; height: 12.5px; transform: rotate(-45deg) translateX(3px) translateY(1px); width: 12.5px; flex-grow: 0; margin-right: 14px; margin-left: 2px;\"><\/div>\n<div style=\"background-color: #f4f4f4; border-radius: 50%; height: 12.5px; width: 12.5px; transform: translateX(9px) translateY(-18px);\"><\/div>\n<\/div>\n<div style=\"margin-left: 8px;\">\n<div style=\"background-color: #f4f4f4; border-radius: 50%; flex-grow: 0; height: 20px; width: 20px;\"><\/div>\n<div style=\"width: 0; height: 0; border-top: 2px solid transparent; border-left: 6px solid #f4f4f4; border-bottom: 2px solid transparent; transform: translateX(16px) translateY(-4px) rotate(30deg);\"><\/div>\n<\/div>\n<div style=\"margin-left: auto;\">\n<div style=\"width: 0px; border-top: 8px solid #F4F4F4; border-right: 8px solid transparent; transform: translateY(16px);\"><\/div>\n<div style=\"background-color: #f4f4f4; flex-grow: 0; height: 12px; width: 16px; transform: translateY(-4px);\"><\/div>\n<div style=\"width: 0; height: 0; border-top: 8px solid #F4F4F4; border-left: 8px solid transparent; transform: translateY(-4px) translateX(8px);\"><\/div>\n<\/div>\n<\/div>\n<div style=\"display: flex; flex-direction: column; flex-grow: 1; justify-content: center; margin-bottom: 24px;\">\n<div style=\"background-color: #f4f4f4; border-radius: 4px; flex-grow: 0; height: 14px; margin-bottom: 6px; width: 224px;\"><\/div>\n<div style=\"background-color: #f4f4f4; border-radius: 4px; flex-grow: 0; height: 14px; width: 144px;\"><\/div>\n<\/div>\n<p>&nbsp;<\/p>\n<p style=\"color: #c9c8cd; font-family: Arial,sans-serif; font-size: 14px; line-height: 17px; margin-bottom: 0; margin-top: 8px; overflow: hidden; padding: 8px 0 7px; text-align: center; text-overflow: ellipsis; white-space: nowrap;\"><a style=\"color: #c9c8cd; font-family: Arial,sans-serif; font-size: 14px; font-style: normal; font-weight: normal; line-height: 17px; text-decoration: none;\" href=\"https:\/\/www.instagram.com\/reel\/Cqcx7ypug-y\/?utm_source=ig_embed&amp;utm_campaign=loading\" target=\"_blank\" rel=\"noopener\">Una publicaci\u00f3n compartida de Estiber.com (@estiberviajes)<\/a><\/p>\n<\/div>\n<\/blockquote>\n<p><script async src=\"\/\/www.instagram.com\/embed.js\"><\/script><\/p>\n<\/div>\n<h3>Ruta por Ba\u00f1os de Panticosa e Ibones de Ordicuso<\/h3>\n<p><img loading=\"lazy\" decoding=\"async\" class=\"alignnone wp-image-7660 size-full\" src=\"https:\/\/www.estiber.com\/blog\/wp-content\/uploads\/2023\/03\/raquetas-de-nieve-panticosa.jpg\" alt=\"\" width=\"700\" height=\"442\" srcset=\"https:\/\/www.estiber.com\/blog\/wp-content\/uploads\/2023\/03\/raquetas-de-nieve-panticosa.jpg 700w, https:\/\/www.estiber.com\/blog\/wp-content\/uploads\/2023\/03\/raquetas-de-nieve-panticosa-300x189.jpg 300w, https:\/\/www.estiber.com\/blog\/wp-content\/uploads\/2023\/03\/raquetas-de-nieve-panticosa-600x379.jpg 600w\" sizes=\"auto, (max-width: 700px) 100vw, 700px\" \/><\/p>\n<p>Un paseo muy bonito en el coraz\u00f3n del Pirineo Aragon\u00e9s, que pasa por el entorno del famoso e hist\u00f3rico balneario y <strong>sube hasta los lagos de alta monta\u00f1a<\/strong>. Son unos 6 kil\u00f3metros, con un desnivel positivo de 441 metros. A un ritmo tranquilo, tardaremos unas tres horas sin parar.<\/p>\n<p>En el mismo entorno, para familias y para comenzar a calentar, podemos seguir la ruta circular balizada de unos 2 kil\u00f3metros que circunvala <a href=\"https:\/\/www.estiber.com\/es_ES\/ofertas-balneario-panticosa-termas-tiberio\">el Balneario de Panticosa<\/a>, sencilla y apta para todos los p\u00fablicos. Podemos <strong>alquilar las raquetas de nieve<\/strong> <strong>en la cercana estaci\u00f3n de esqu\u00ed de Formigal-Panticosa<\/strong> o en tiendas del pueblo, como Espacio N\u00f3rdico del Balneario de Panticosa, Alquiler Ant\u00f3n, \u00c1ngel Sport o Sport Panticosa.<\/p>\n<h3>Ruta circular a O Forato (Formigal)<\/h3>\n<p><img loading=\"lazy\" decoding=\"async\" class=\"alignnone wp-image-7661 \" src=\"https:\/\/www.estiber.com\/blog\/wp-content\/uploads\/2023\/03\/raquetas-de-nieve-1.jpg\" alt=\"\" width=\"670\" height=\"446\" srcset=\"https:\/\/www.estiber.com\/blog\/wp-content\/uploads\/2023\/03\/raquetas-de-nieve-1.jpg 750w, https:\/\/www.estiber.com\/blog\/wp-content\/uploads\/2023\/03\/raquetas-de-nieve-1-300x200.jpg 300w, https:\/\/www.estiber.com\/blog\/wp-content\/uploads\/2023\/03\/raquetas-de-nieve-1-375x250.jpg 375w, https:\/\/www.estiber.com\/blog\/wp-content\/uploads\/2023\/03\/raquetas-de-nieve-1-600x400.jpg 600w\" sizes=\"auto, (max-width: 670px) 100vw, 670px\" \/><\/p>\n<p>Parte de la misma urbanizaci\u00f3n de la <a href=\"https:\/\/www.estiber.com\/es_ES\/ofertas-esqui-formigal-panticosa\">estaci\u00f3n de esqu\u00ed de Formigal<\/a>, por lo que lo m\u00e1s c\u00f3modo es alquilar all\u00ed mismo las raquetas de nieve. Este recorrido que puedes <a href=\"https:\/\/www.estiber.com\/blog\/que-hacer-en-formigal-si-no-esquias\/\">hacer durante un dia si no esqu\u00edas en Formgial<\/a>. nos propone rodear el espol\u00f3n calc\u00e1reo O Forato y que pasa por el collado de la Fita, un precioso <strong>mirador desde donde podr\u00e9is divisar picos emblem\u00e1ticos<\/strong> de los Pirineos como el Anayet, el Balait\u00fas o los Picos del Infierno.<\/p>\n<p>El paseo son 6 kil\u00f3metros y tiene un desnivel positivo de 480 metros, que se pueden hacer a un paso tranquilo entre las tres y las cuatro horas. A las personas acostumbradas a caminar por la monta\u00f1a no les resultar\u00e1 demasiado exigente.<\/p>\n<h3>Ruta por los Estanys de Baciver (Baqueira)<\/h3>\n<p><img loading=\"lazy\" decoding=\"async\" class=\"alignnone wp-image-7662 \" src=\"https:\/\/www.estiber.com\/blog\/wp-content\/uploads\/2023\/03\/ruta-baciver-raquetas-nieve.jpg\" alt=\"\" width=\"677\" height=\"380\" srcset=\"https:\/\/www.estiber.com\/blog\/wp-content\/uploads\/2023\/03\/ruta-baciver-raquetas-nieve.jpg 700w, https:\/\/www.estiber.com\/blog\/wp-content\/uploads\/2023\/03\/ruta-baciver-raquetas-nieve-300x168.jpg 300w, https:\/\/www.estiber.com\/blog\/wp-content\/uploads\/2023\/03\/ruta-baciver-raquetas-nieve-600x337.jpg 600w\" sizes=\"auto, (max-width: 677px) 100vw, 677px\" \/><\/p>\n<p>Un recorrido precioso que <strong>parte del Pla de Beret<\/strong>, en la <a href=\"https:\/\/www.estiber.com\/es_ES\/ofertas-esqui-baqueira-beret\">estaci\u00f3n de esqu\u00ed de Baqueira<\/a>, donde podemos alquilar las raquetas de nieve. Se trata de un itinerario cl\u00e1sico para adentrarse en el macizo de Marimanha todo nevado, entre la Val d&#8217;Aran y el Pallars Sobir\u00e0.<\/p>\n<p>Descubriremos el espectacular <strong>circo de los lagos de Baciver<\/strong>, que tienen un origen glaciar, en medio de un paisaje de alta monta\u00f1a, con impresionantes cumbres. Son unos 8 kil\u00f3metros de distancia con un desnivel positivo acumulado de unos 525 metros, que se recorren en unas cinco horas caminando. Nos exigir\u00e1 una jornada entera, por lo que<strong> hay que estar f\u00edsicamente preparado<\/strong>. No os arrepentir\u00e9is.<\/p>\n<h3>Subida a la Tossa Pelada y Pedr\u00f3 dels Quatre Batlles (Port del Comte)<\/h3>\n<p><img loading=\"lazy\" decoding=\"async\" class=\"alignnone wp-image-7663 \" src=\"https:\/\/www.estiber.com\/blog\/wp-content\/uploads\/2023\/03\/port-de-comte-raquetas-nieve.jpg\" alt=\"\" width=\"674\" height=\"411\" srcset=\"https:\/\/www.estiber.com\/blog\/wp-content\/uploads\/2023\/03\/port-de-comte-raquetas-nieve.jpg 700w, https:\/\/www.estiber.com\/blog\/wp-content\/uploads\/2023\/03\/port-de-comte-raquetas-nieve-300x183.jpg 300w, https:\/\/www.estiber.com\/blog\/wp-content\/uploads\/2023\/03\/port-de-comte-raquetas-nieve-600x366.jpg 600w\" sizes=\"auto, (max-width: 674px) 100vw, 674px\" \/><\/p>\n<p>Una preciosa ruta por los alrededores de la tranquila <a href=\"https:\/\/www.estiber.com\/es_ES\/ofertas-esqui-port-del-comte\">estaci\u00f3n de esqu\u00ed de Port del Comte<\/a>, con un desnivel positivo de casi 500 metros. Sube a los dos picos por pista naranja y desciende por una pista negra; se alcanza una<strong> altitud m\u00e1xima de 2.386 metros<\/strong>. <strong>En la estaci\u00f3n podr\u00e1s alquilar las raquetas de nieve<\/strong> y, si lo prefieres, un gu\u00eda que te lleve por alg\u00fan recorrido en compa\u00f1\u00eda.<\/p>\n<h2>Rutas con raquetas de nieve en Andorra<\/h2>\n<h3>Ruta por los lagos de Pessons<\/h3>\n<p><img loading=\"lazy\" decoding=\"async\" class=\"alignnone wp-image-7659 size-full\" src=\"https:\/\/www.estiber.com\/blog\/wp-content\/uploads\/2023\/03\/raquetas-pessons.jpg\" alt=\"\" width=\"700\" height=\"455\" srcset=\"https:\/\/www.estiber.com\/blog\/wp-content\/uploads\/2023\/03\/raquetas-pessons.jpg 700w, https:\/\/www.estiber.com\/blog\/wp-content\/uploads\/2023\/03\/raquetas-pessons-300x195.jpg 300w, https:\/\/www.estiber.com\/blog\/wp-content\/uploads\/2023\/03\/raquetas-pessons-600x390.jpg 600w\" sizes=\"auto, (max-width: 700px) 100vw, 700px\" \/><\/p>\n<p>Si has ido a <a href=\"https:\/\/www.estiber.com\/es_ES\/ofertas-esqui-grandvalira\">esquiar a Grandvalira<\/a>, ya sabr\u00e1s que es enorme y tiene varios puntos en los que <strong>podremos alquilar raquetas de nieve<\/strong>; en su mapa, podremos descubrir diferentes rutas que est\u00e1n preparadas para hacer de esta manera, con un senderismo sobre la nieve, con o sin gu\u00eda.<\/p>\n<p>Todas son bonitas, y si tenemos que destacar alguna, quiz\u00e1s ser\u00eda pasearte por el mayor circo glaciar gran\u00edtico, que est\u00e1 formado por nueve <a href=\"https:\/\/www.estiber.com\/blog\/lagos-andorra-excursiones-increibles\/\">lagos en Andorra<\/a>. Se hace en unas cuatro horas, <strong>son 9,5 kil\u00f3metros de distancia y se superan unos 500 metros de desnivel positiv<\/strong>o, llegando a una altitud m\u00e1xima de 2.592 metros.<\/p>\n<h3>Ruta por los Estanys de Tristaina (Arcal\u00eds)<\/h3>\n<p><img loading=\"lazy\" decoding=\"async\" class=\"alignnone wp-image-7658 size-full\" src=\"https:\/\/www.estiber.com\/blog\/wp-content\/uploads\/2023\/03\/raquetas-nieve-tristaina.jpg\" alt=\"\" width=\"700\" height=\"525\" srcset=\"https:\/\/www.estiber.com\/blog\/wp-content\/uploads\/2023\/03\/raquetas-nieve-tristaina.jpg 700w, https:\/\/www.estiber.com\/blog\/wp-content\/uploads\/2023\/03\/raquetas-nieve-tristaina-300x225.jpg 300w, https:\/\/www.estiber.com\/blog\/wp-content\/uploads\/2023\/03\/raquetas-nieve-tristaina-600x450.jpg 600w\" sizes=\"auto, (max-width: 700px) 100vw, 700px\" \/><\/p>\n<p>Este precioso recorrido vale mucho la pena hacerlo en temporada de nieve. <strong>Sale desde el parking del sector Arcal\u00eds<\/strong> y pasaremos por los lagos pirenaicos del Estany Primer, Estany del Mig y Estany de M\u00e9s Amunt. Aunque no tiene peligro ninguno ni es una ruta t\u00e9cnica, hay que estar en forma para hacer sin dificultades los 11 kil\u00f3metros que son, con sus 550 metros de desnivel positivo. Calcula unas cinco horas de caminata sobre la nieve. <strong>Podemos alquilar las raquetas de nieve c\u00f3modamente en la estaci\u00f3n de esqu\u00ed de Ordino-Arcal\u00eds<\/strong>.<\/p>\n<h3>Subida al Pic del Cubil (Pal)<\/h3>\n<p><img loading=\"lazy\" decoding=\"async\" class=\"alignnone wp-image-7657 size-full\" src=\"https:\/\/www.estiber.com\/blog\/wp-content\/uploads\/2023\/03\/raquetas-pic-cubil-pal.jpg\" alt=\"\" width=\"700\" height=\"467\" srcset=\"https:\/\/www.estiber.com\/blog\/wp-content\/uploads\/2023\/03\/raquetas-pic-cubil-pal.jpg 700w, https:\/\/www.estiber.com\/blog\/wp-content\/uploads\/2023\/03\/raquetas-pic-cubil-pal-300x200.jpg 300w, https:\/\/www.estiber.com\/blog\/wp-content\/uploads\/2023\/03\/raquetas-pic-cubil-pal-375x250.jpg 375w, https:\/\/www.estiber.com\/blog\/wp-content\/uploads\/2023\/03\/raquetas-pic-cubil-pal-600x400.jpg 600w\" sizes=\"auto, (max-width: 700px) 100vw, 700px\" \/><\/p>\n<p>Hay hasta seis itinerarios preparados para raquetas de nieve en la <a href=\"https:\/\/www.estiber.com\/es_ES\/ofertas-esqui-pal-arinsal\">estaci\u00f3n de esqu\u00ed de Pal-Arinsal<\/a>. Te proponemos esta ruta de <a href=\"https:\/\/www.estiber.com\/blog\/rauqetas-de-nieve-en-andorra\/\">raquetas de nieve en Andorra<\/a> de poco m\u00e1s de 7 kil\u00f3metros con un desnivel positivo de 450 metros. Se <strong>sale del Pla de la Cot y se sube, por libre, siguiendo en parte el circuito Guineu<\/strong>. En menos de dos horas de marcha tendr\u00e1s hecha una ruta que nos promete escenarios preciosos por el bosque y buenas vistas desde los 2.359 metros de altitud que tiene el pico.<\/p>\n<h2>Ruta con raquetas en Teruel: Pico Pe\u00f1arroya (Valdelinares)<\/h2>\n<p><img loading=\"lazy\" decoding=\"async\" class=\"alignnone wp-image-7656 \" src=\"https:\/\/www.estiber.com\/blog\/wp-content\/uploads\/2023\/03\/raquetas-nieve-teruel.jpg\" alt=\"\" width=\"679\" height=\"509\" srcset=\"https:\/\/www.estiber.com\/blog\/wp-content\/uploads\/2023\/03\/raquetas-nieve-teruel.jpg 700w, https:\/\/www.estiber.com\/blog\/wp-content\/uploads\/2023\/03\/raquetas-nieve-teruel-300x225.jpg 300w, https:\/\/www.estiber.com\/blog\/wp-content\/uploads\/2023\/03\/raquetas-nieve-teruel-600x450.jpg 600w\" sizes=\"auto, (max-width: 679px) 100vw, 679px\" \/><\/p>\n<p>\u00bfTe atreves a coronar la cima m\u00e1s alta de la provincia de Teruel? Tiene 2.028 metros de altitud y suele acumular mucha nieve durante el invierno. Podemos seguir una ruta que parte de la <a href=\"https:\/\/www.estiber.com\/es_ES\/ofertas-esqui-valdelinares\">estaci\u00f3n de esqu\u00ed de Valdelinares<\/a>, sube por las pistas y prosigue por bosque -todo cubierto de blanco, impresionante-, hasta alcanzar la cima.<\/p>\n<p>Es circular, son unos 1<strong>1 kil\u00f3metros y tiene casi 500 metros de desnivel positivo<\/strong>. Tardaremos unas tres horas y media en movimiento. Sin ser complicada ni peligrosa, s\u00ed que es algo exigente, por lo que recomendamos tener una cierta forma f\u00edsica. Podemos alquilar el material en la misma estaci\u00f3n de esqu\u00ed de Aram\u00f3n \u2013 Valdelinares.<\/p>\n<h2>Ruta con raquetas en Sierra Nevada: Pico Veleta<\/h2>\n<p><img loading=\"lazy\" decoding=\"async\" class=\"alignnone wp-image-7655 size-full\" src=\"https:\/\/www.estiber.com\/blog\/wp-content\/uploads\/2023\/03\/raquetas-de-nieve-sierra-nevada.jpg\" alt=\"\" width=\"650\" height=\"434\" srcset=\"https:\/\/www.estiber.com\/blog\/wp-content\/uploads\/2023\/03\/raquetas-de-nieve-sierra-nevada.jpg 650w, https:\/\/www.estiber.com\/blog\/wp-content\/uploads\/2023\/03\/raquetas-de-nieve-sierra-nevada-300x200.jpg 300w, https:\/\/www.estiber.com\/blog\/wp-content\/uploads\/2023\/03\/raquetas-de-nieve-sierra-nevada-375x250.jpg 375w, https:\/\/www.estiber.com\/blog\/wp-content\/uploads\/2023\/03\/raquetas-de-nieve-sierra-nevada-600x401.jpg 600w\" sizes=\"auto, (max-width: 650px) 100vw, 650px\" \/><\/p>\n<p>Vamos a subir uno de los <strong>picos m\u00e1s altos y emblem\u00e1ticos de la Pen\u00ednsula<\/strong>, el Veleta, con sus 3.394 metros de altitud. Lo haremos <strong>desde la zona de <a href=\"https:\/\/www.estiber.com\/blog\/ver-y-hacer-en-pradollano\/\">Pradollano<\/a><\/strong>, epicentro de <a href=\"https:\/\/www.estiber.com\/es_ES\/ofertas-esqui-sierra-nevada\">la estaci\u00f3n de esqu\u00ed de Sierra Nevada<\/a>.<\/p>\n<p>Toda una aventura para experimentados monta\u00f1eros; no hace falta ser experto en raquetas de nieve, pero s\u00ed tener una cierta forma f\u00edsica porque acumularemos un desnivel positivo de 1.060 metros y m\u00e1s de 14 kil\u00f3metros, que se pueden hacer muy largos en subida y sobre la nieve. Ahora bien, las vistas ser\u00e1n en todo momento espectaculares, m\u00e1s si os sale un d\u00eda despejado del entorno nevado. Podemos<strong> alquilar las raquetas de nieve en la misma estaci\u00f3n de esqu\u00ed<\/strong>, donde tambi\u00e9n podremos contratar, si lo preferimos, una ruta guiada por el entorno con raquetas. En verano, la ruta del Veleta es tambi\u00e9n <a href=\"https:\/\/www.estiber.com\/blog\/mejores-rutas-de-sierra-nevada\/\">una de las mejores rutas de senderismo cerca de Sierra Nevada<\/a>.<\/p>\n<p><iframe loading=\"lazy\" title=\"Ruta en Sierra Nevada (Granada) \u00a1con raquetas de nieve!\" width=\"925\" height=\"520\" src=\"https:\/\/www.youtube.com\/embed\/qbEqFrZ6Ad4?feature=oembed\" frameborder=\"0\" allow=\"accelerometer; autoplay; clipboard-write; encrypted-media; gyroscope; picture-in-picture; web-share\" referrerpolicy=\"strict-origin-when-cross-origin\" allowfullscreen><\/iframe><\/p>\n","protected":false},"excerpt":{"rendered":"<p>Las raquetas de nieve son un deporte invernal perfecto para los amantes del concepto \u00abslow life\u00bb. Ideal para aquellos que buscan hacer otra cosa que esquiar en una estaci\u00f3n de esqu\u00ed. Para buscar otro punto de vista y otras sensaciones muy diferentes a las del esqu\u00ed, que nos permiten bajar a toda velocidad por las <a class=\"read-more\" href=\"https:\/\/www.estiber.com\/blog\/raquetas-de-nieve-descubre-las-rutas-increibles\/\">&#8230;<\/a><\/p>\n","protected":false},"author":1,"featured_media":7654,"comment_status":"open","ping_status":"open","sticky":false,"template":"","format":"standard","meta":{"footnotes":""},"categories":[28,29],"tags":[31,49,56,44,90,47,57,98,33,93],"class_list":{"0":"post-7651","1":"post","2":"type-post","3":"status-publish","4":"format-standard","5":"has-post-thumbnail","6":"hentry","7":"category-curiosidades-consejos","8":"category-destinos-esqui-alojamientos","9":"tag-esqui-andorra","10":"tag-noticias-baqueira-beret","11":"tag-estacion-esqui-formigal-panticosa","12":"tag-estacion-esqui-grandvalira","13":"tag-estacion-esqui-ordino-arcalis","14":"tag-estacion-esqui-pal-arinsal","15":"tag-estacion-esqui-panticosa","16":"tag-estacion-esqui-port-del-comte","17":"tag-esqui-sierra-nevada","18":"tag-estacion-esqui-valdelinares","20":"with-featured-image"},"yoast_head":"<!-- This site is optimized with the Yoast SEO plugin v27.0 - https:\/\/yoast.com\/product\/yoast-seo-wordpress\/ -->\n<title>Raquetas de nieve: descubre las rutas m\u00e1s incre\u00edbles | Estiber.com<\/title>\n<meta name=\"description\" content=\"\u00bfBuscar un buen circuito de raquetas de nieve? Descubre aqu\u00ed las rutas m\u00e1s fascinantes de raquetas de nieve en Espa\u00f1a y Andorra.\" \/>\n<meta name=\"robots\" content=\"index, follow, max-snippet:-1, max-image-preview:large, max-video-preview:-1\" \/>\n<link rel=\"canonical\" href=\"https:\/\/www.estiber.com\/blog\/raquetas-de-nieve-descubre-las-rutas-increibles\/\" \/>\n<meta property=\"og:locale\" content=\"es_ES\" \/>\n<meta property=\"og:type\" content=\"article\" \/>\n<meta property=\"og:title\" content=\"Raquetas de nieve: descubre las rutas m\u00e1s incre\u00edbles | Estiber.com\" \/>\n<meta property=\"og:description\" content=\"\u00bfBuscar un buen circuito de raquetas de nieve? Descubre aqu\u00ed las rutas m\u00e1s fascinantes de raquetas de nieve en Espa\u00f1a y Andorra.\" \/>\n<meta property=\"og:url\" content=\"https:\/\/www.estiber.com\/blog\/raquetas-de-nieve-descubre-las-rutas-increibles\/\" \/>\n<meta property=\"og:site_name\" content=\"Blog Estiber\" \/>\n<meta property=\"article:publisher\" content=\"https:\/\/www.facebook.com\/estiberviajes\" \/>\n<meta property=\"article:published_time\" content=\"2023-03-06T16:54:41+00:00\" \/>\n<meta property=\"article:modified_time\" content=\"2025-01-28T14:58:23+00:00\" \/>\n<meta property=\"og:image\" content=\"https:\/\/www.estiber.com\/blog\/wp-content\/uploads\/2023\/03\/mejoras-rutas-raquetas-nieve.jpg\" \/>\n\t<meta property=\"og:image:width\" content=\"700\" \/>\n\t<meta property=\"og:image:height\" content=\"467\" \/>\n\t<meta property=\"og:image:type\" content=\"image\/jpeg\" \/>\n<meta name=\"author\" content=\"Viajes Estiber\" \/>\n<meta name=\"twitter:card\" content=\"summary_large_image\" \/>\n<meta name=\"twitter:creator\" content=\"@estiberviajes\" \/>\n<meta name=\"twitter:site\" content=\"@estiberviajes\" \/>\n<meta name=\"twitter:label1\" content=\"Escrito por\" \/>\n\t<meta name=\"twitter:data1\" content=\"Viajes Estiber\" \/>\n\t<meta name=\"twitter:label2\" content=\"Tiempo de lectura\" \/>\n\t<meta name=\"twitter:data2\" content=\"8 minutos\" \/>\n<script type=\"application\/ld+json\" class=\"yoast-schema-graph\">{\"@context\":\"https:\/\/schema.org\",\"@graph\":[{\"@type\":\"Article\",\"@id\":\"https:\/\/www.estiber.com\/blog\/raquetas-de-nieve-descubre-las-rutas-increibles\/#article\",\"isPartOf\":{\"@id\":\"https:\/\/www.estiber.com\/blog\/raquetas-de-nieve-descubre-las-rutas-increibles\/\"},\"author\":{\"name\":\"Viajes Estiber\",\"@id\":\"https:\/\/www.estiber.com\/blog\/#\/schema\/person\/9b06974be0d71f639d2b3d7b67ef345a\"},\"headline\":\"Raquetas de nieve: descubre las rutas m\u00e1s incre\u00edbles\",\"datePublished\":\"2023-03-06T16:54:41+00:00\",\"dateModified\":\"2025-01-28T14:58:23+00:00\",\"mainEntityOfPage\":{\"@id\":\"https:\/\/www.estiber.com\/blog\/raquetas-de-nieve-descubre-las-rutas-increibles\/\"},\"wordCount\":1355,\"commentCount\":0,\"publisher\":{\"@id\":\"https:\/\/www.estiber.com\/blog\/#organization\"},\"image\":{\"@id\":\"https:\/\/www.estiber.com\/blog\/raquetas-de-nieve-descubre-las-rutas-increibles\/#primaryimage\"},\"thumbnailUrl\":\"https:\/\/www.estiber.com\/blog\/wp-content\/uploads\/2023\/03\/mejoras-rutas-raquetas-nieve.jpg\",\"keywords\":[\"Andorra\",\"Baqueira Beret\",\"Formigal-Panticosa\",\"Grandvalira\",\"Ordino - Arcalis\",\"Pal - Arinsal\",\"Panticosa\",\"Port del Comte\",\"Sierra Nevada\",\"Valdelinares\"],\"articleSection\":[\"Curiosidades y consejos\",\"Destinos y alojamientos\"],\"inLanguage\":\"es\",\"potentialAction\":[{\"@type\":\"CommentAction\",\"name\":\"Comment\",\"target\":[\"https:\/\/www.estiber.com\/blog\/raquetas-de-nieve-descubre-las-rutas-increibles\/#respond\"]}]},{\"@type\":\"WebPage\",\"@id\":\"https:\/\/www.estiber.com\/blog\/raquetas-de-nieve-descubre-las-rutas-increibles\/\",\"url\":\"https:\/\/www.estiber.com\/blog\/raquetas-de-nieve-descubre-las-rutas-increibles\/\",\"name\":\"Raquetas de nieve: descubre las rutas m\u00e1s incre\u00edbles | Estiber.com\",\"isPartOf\":{\"@id\":\"https:\/\/www.estiber.com\/blog\/#website\"},\"primaryImageOfPage\":{\"@id\":\"https:\/\/www.estiber.com\/blog\/raquetas-de-nieve-descubre-las-rutas-increibles\/#primaryimage\"},\"image\":{\"@id\":\"https:\/\/www.estiber.com\/blog\/raquetas-de-nieve-descubre-las-rutas-increibles\/#primaryimage\"},\"thumbnailUrl\":\"https:\/\/www.estiber.com\/blog\/wp-content\/uploads\/2023\/03\/mejoras-rutas-raquetas-nieve.jpg\",\"datePublished\":\"2023-03-06T16:54:41+00:00\",\"dateModified\":\"2025-01-28T14:58:23+00:00\",\"description\":\"\u00bfBuscar un buen circuito de raquetas de nieve? Descubre aqu\u00ed las rutas m\u00e1s fascinantes de raquetas de nieve en Espa\u00f1a y Andorra.\",\"breadcrumb\":{\"@id\":\"https:\/\/www.estiber.com\/blog\/raquetas-de-nieve-descubre-las-rutas-increibles\/#breadcrumb\"},\"inLanguage\":\"es\",\"potentialAction\":[{\"@type\":\"ReadAction\",\"target\":[\"https:\/\/www.estiber.com\/blog\/raquetas-de-nieve-descubre-las-rutas-increibles\/\"]}]},{\"@type\":\"ImageObject\",\"inLanguage\":\"es\",\"@id\":\"https:\/\/www.estiber.com\/blog\/raquetas-de-nieve-descubre-las-rutas-increibles\/#primaryimage\",\"url\":\"https:\/\/www.estiber.com\/blog\/wp-content\/uploads\/2023\/03\/mejoras-rutas-raquetas-nieve.jpg\",\"contentUrl\":\"https:\/\/www.estiber.com\/blog\/wp-content\/uploads\/2023\/03\/mejoras-rutas-raquetas-nieve.jpg\",\"width\":700,\"height\":467},{\"@type\":\"BreadcrumbList\",\"@id\":\"https:\/\/www.estiber.com\/blog\/raquetas-de-nieve-descubre-las-rutas-increibles\/#breadcrumb\",\"itemListElement\":[{\"@type\":\"ListItem\",\"position\":1,\"name\":\"Portada\",\"item\":\"https:\/\/www.estiber.com\/blog\/\"},{\"@type\":\"ListItem\",\"position\":2,\"name\":\"Raquetas de nieve: descubre las rutas m\u00e1s incre\u00edbles\"}]},{\"@type\":\"WebSite\",\"@id\":\"https:\/\/www.estiber.com\/blog\/#website\",\"url\":\"https:\/\/www.estiber.com\/blog\/\",\"name\":\"Blog Estiber\",\"description\":\"\",\"publisher\":{\"@id\":\"https:\/\/www.estiber.com\/blog\/#organization\"},\"potentialAction\":[{\"@type\":\"SearchAction\",\"target\":{\"@type\":\"EntryPoint\",\"urlTemplate\":\"https:\/\/www.estiber.com\/blog\/?s={search_term_string}\"},\"query-input\":{\"@type\":\"PropertyValueSpecification\",\"valueRequired\":true,\"valueName\":\"search_term_string\"}}],\"inLanguage\":\"es\"},{\"@type\":\"Organization\",\"@id\":\"https:\/\/www.estiber.com\/blog\/#organization\",\"name\":\"Viajes Estiber\",\"url\":\"https:\/\/www.estiber.com\/blog\/\",\"logo\":{\"@type\":\"ImageObject\",\"inLanguage\":\"es\",\"@id\":\"https:\/\/www.estiber.com\/blog\/#\/schema\/logo\/image\/\",\"url\":\"https:\/\/www.estiber.com\/blog\/wp-content\/uploads\/2017\/05\/estiber-ofertas-esqui-2.jpg\",\"contentUrl\":\"https:\/\/www.estiber.com\/blog\/wp-content\/uploads\/2017\/05\/estiber-ofertas-esqui-2.jpg\",\"width\":800,\"height\":800,\"caption\":\"Viajes Estiber\"},\"image\":{\"@id\":\"https:\/\/www.estiber.com\/blog\/#\/schema\/logo\/image\/\"},\"sameAs\":[\"https:\/\/www.facebook.com\/estiberviajes\",\"https:\/\/x.com\/estiberviajes\",\"https:\/\/www.instagram.com\/estiberviajes\/\",\"https:\/\/www.pinterest.com\/estiberviajes\/\"]},{\"@type\":\"Person\",\"@id\":\"https:\/\/www.estiber.com\/blog\/#\/schema\/person\/9b06974be0d71f639d2b3d7b67ef345a\",\"name\":\"Viajes Estiber\",\"image\":{\"@type\":\"ImageObject\",\"inLanguage\":\"es\",\"@id\":\"https:\/\/www.estiber.com\/blog\/#\/schema\/person\/image\/\",\"url\":\"https:\/\/secure.gravatar.com\/avatar\/051495a22a5ce727b6909eb86316af3cfcc7b5e4dea54b863ed8d2281ec15d4a?s=96&d=mm&r=g\",\"contentUrl\":\"https:\/\/secure.gravatar.com\/avatar\/051495a22a5ce727b6909eb86316af3cfcc7b5e4dea54b863ed8d2281ec15d4a?s=96&d=mm&r=g\",\"caption\":\"Viajes Estiber\"},\"description\":\"Ofertas de esqu\u00ed en Andorra, Alpes, Pirineo y Sierra Nevada. Encuentra ofertas de ski hotel m\u00e1s forfait y viajes de esqu\u00ed al mejor precio.\",\"url\":\"https:\/\/www.estiber.com\/blog\/author\/estiber\/\"}]}<\/script>\n<!-- \/ Yoast SEO plugin. -->","yoast_head_json":{"title":"Raquetas de nieve: descubre las rutas m\u00e1s incre\u00edbles | Estiber.com","description":"\u00bfBuscar un buen circuito de raquetas de nieve? Descubre aqu\u00ed las rutas m\u00e1s fascinantes de raquetas de nieve en Espa\u00f1a y Andorra.","robots":{"index":"index","follow":"follow","max-snippet":"max-snippet:-1","max-image-preview":"max-image-preview:large","max-video-preview":"max-video-preview:-1"},"canonical":"https:\/\/www.estiber.com\/blog\/raquetas-de-nieve-descubre-las-rutas-increibles\/","og_locale":"es_ES","og_type":"article","og_title":"Raquetas de nieve: descubre las rutas m\u00e1s incre\u00edbles | Estiber.com","og_description":"\u00bfBuscar un buen circuito de raquetas de nieve? Descubre aqu\u00ed las rutas m\u00e1s fascinantes de raquetas de nieve en Espa\u00f1a y Andorra.","og_url":"https:\/\/www.estiber.com\/blog\/raquetas-de-nieve-descubre-las-rutas-increibles\/","og_site_name":"Blog Estiber","article_publisher":"https:\/\/www.facebook.com\/estiberviajes","article_published_time":"2023-03-06T16:54:41+00:00","article_modified_time":"2025-01-28T14:58:23+00:00","og_image":[{"width":700,"height":467,"url":"https:\/\/www.estiber.com\/blog\/wp-content\/uploads\/2023\/03\/mejoras-rutas-raquetas-nieve.jpg","type":"image\/jpeg"}],"author":"Viajes Estiber","twitter_card":"summary_large_image","twitter_creator":"@estiberviajes","twitter_site":"@estiberviajes","twitter_misc":{"Escrito por":"Viajes Estiber","Tiempo de lectura":"8 minutos"},"schema":{"@context":"https:\/\/schema.org","@graph":[{"@type":"Article","@id":"https:\/\/www.estiber.com\/blog\/raquetas-de-nieve-descubre-las-rutas-increibles\/#article","isPartOf":{"@id":"https:\/\/www.estiber.com\/blog\/raquetas-de-nieve-descubre-las-rutas-increibles\/"},"author":{"name":"Viajes Estiber","@id":"https:\/\/www.estiber.com\/blog\/#\/schema\/person\/9b06974be0d71f639d2b3d7b67ef345a"},"headline":"Raquetas de nieve: descubre las rutas m\u00e1s incre\u00edbles","datePublished":"2023-03-06T16:54:41+00:00","dateModified":"2025-01-28T14:58:23+00:00","mainEntityOfPage":{"@id":"https:\/\/www.estiber.com\/blog\/raquetas-de-nieve-descubre-las-rutas-increibles\/"},"wordCount":1355,"commentCount":0,"publisher":{"@id":"https:\/\/www.estiber.com\/blog\/#organization"},"image":{"@id":"https:\/\/www.estiber.com\/blog\/raquetas-de-nieve-descubre-las-rutas-increibles\/#primaryimage"},"thumbnailUrl":"https:\/\/www.estiber.com\/blog\/wp-content\/uploads\/2023\/03\/mejoras-rutas-raquetas-nieve.jpg","keywords":["Andorra","Baqueira Beret","Formigal-Panticosa","Grandvalira","Ordino - Arcalis","Pal - Arinsal","Panticosa","Port del Comte","Sierra Nevada","Valdelinares"],"articleSection":["Curiosidades y consejos","Destinos y alojamientos"],"inLanguage":"es","potentialAction":[{"@type":"CommentAction","name":"Comment","target":["https:\/\/www.estiber.com\/blog\/raquetas-de-nieve-descubre-las-rutas-increibles\/#respond"]}]},{"@type":"WebPage","@id":"https:\/\/www.estiber.com\/blog\/raquetas-de-nieve-descubre-las-rutas-increibles\/","url":"https:\/\/www.estiber.com\/blog\/raquetas-de-nieve-descubre-las-rutas-increibles\/","name":"Raquetas de nieve: descubre las rutas m\u00e1s incre\u00edbles | Estiber.com","isPartOf":{"@id":"https:\/\/www.estiber.com\/blog\/#website"},"primaryImageOfPage":{"@id":"https:\/\/www.estiber.com\/blog\/raquetas-de-nieve-descubre-las-rutas-increibles\/#primaryimage"},"image":{"@id":"https:\/\/www.estiber.com\/blog\/raquetas-de-nieve-descubre-las-rutas-increibles\/#primaryimage"},"thumbnailUrl":"https:\/\/www.estiber.com\/blog\/wp-content\/uploads\/2023\/03\/mejoras-rutas-raquetas-nieve.jpg","datePublished":"2023-03-06T16:54:41+00:00","dateModified":"2025-01-28T14:58:23+00:00","description":"\u00bfBuscar un buen circuito de raquetas de nieve? Descubre aqu\u00ed las rutas m\u00e1s fascinantes de raquetas de nieve en Espa\u00f1a y Andorra.","breadcrumb":{"@id":"https:\/\/www.estiber.com\/blog\/raquetas-de-nieve-descubre-las-rutas-increibles\/#breadcrumb"},"inLanguage":"es","potentialAction":[{"@type":"ReadAction","target":["https:\/\/www.estiber.com\/blog\/raquetas-de-nieve-descubre-las-rutas-increibles\/"]}]},{"@type":"ImageObject","inLanguage":"es","@id":"https:\/\/www.estiber.com\/blog\/raquetas-de-nieve-descubre-las-rutas-increibles\/#primaryimage","url":"https:\/\/www.estiber.com\/blog\/wp-content\/uploads\/2023\/03\/mejoras-rutas-raquetas-nieve.jpg","contentUrl":"https:\/\/www.estiber.com\/blog\/wp-content\/uploads\/2023\/03\/mejoras-rutas-raquetas-nieve.jpg","width":700,"height":467},{"@type":"BreadcrumbList","@id":"https:\/\/www.estiber.com\/blog\/raquetas-de-nieve-descubre-las-rutas-increibles\/#breadcrumb","itemListElement":[{"@type":"ListItem","position":1,"name":"Portada","item":"https:\/\/www.estiber.com\/blog\/"},{"@type":"ListItem","position":2,"name":"Raquetas de nieve: descubre las rutas m\u00e1s incre\u00edbles"}]},{"@type":"WebSite","@id":"https:\/\/www.estiber.com\/blog\/#website","url":"https:\/\/www.estiber.com\/blog\/","name":"Blog Estiber","description":"","publisher":{"@id":"https:\/\/www.estiber.com\/blog\/#organization"},"potentialAction":[{"@type":"SearchAction","target":{"@type":"EntryPoint","urlTemplate":"https:\/\/www.estiber.com\/blog\/?s={search_term_string}"},"query-input":{"@type":"PropertyValueSpecification","valueRequired":true,"valueName":"search_term_string"}}],"inLanguage":"es"},{"@type":"Organization","@id":"https:\/\/www.estiber.com\/blog\/#organization","name":"Viajes Estiber","url":"https:\/\/www.estiber.com\/blog\/","logo":{"@type":"ImageObject","inLanguage":"es","@id":"https:\/\/www.estiber.com\/blog\/#\/schema\/logo\/image\/","url":"https:\/\/www.estiber.com\/blog\/wp-content\/uploads\/2017\/05\/estiber-ofertas-esqui-2.jpg","contentUrl":"https:\/\/www.estiber.com\/blog\/wp-content\/uploads\/2017\/05\/estiber-ofertas-esqui-2.jpg","width":800,"height":800,"caption":"Viajes Estiber"},"image":{"@id":"https:\/\/www.estiber.com\/blog\/#\/schema\/logo\/image\/"},"sameAs":["https:\/\/www.facebook.com\/estiberviajes","https:\/\/x.com\/estiberviajes","https:\/\/www.instagram.com\/estiberviajes\/","https:\/\/www.pinterest.com\/estiberviajes\/"]},{"@type":"Person","@id":"https:\/\/www.estiber.com\/blog\/#\/schema\/person\/9b06974be0d71f639d2b3d7b67ef345a","name":"Viajes Estiber","image":{"@type":"ImageObject","inLanguage":"es","@id":"https:\/\/www.estiber.com\/blog\/#\/schema\/person\/image\/","url":"https:\/\/secure.gravatar.com\/avatar\/051495a22a5ce727b6909eb86316af3cfcc7b5e4dea54b863ed8d2281ec15d4a?s=96&d=mm&r=g","contentUrl":"https:\/\/secure.gravatar.com\/avatar\/051495a22a5ce727b6909eb86316af3cfcc7b5e4dea54b863ed8d2281ec15d4a?s=96&d=mm&r=g","caption":"Viajes Estiber"},"description":"Ofertas de esqu\u00ed en Andorra, Alpes, Pirineo y Sierra Nevada. Encuentra ofertas de ski hotel m\u00e1s forfait y viajes de esqu\u00ed al mejor precio.","url":"https:\/\/www.estiber.com\/blog\/author\/estiber\/"}]}},"_links":{"self":[{"href":"https:\/\/www.estiber.com\/blog\/wp-json\/wp\/v2\/posts\/7651","targetHints":{"allow":["GET"]}}],"collection":[{"href":"https:\/\/www.estiber.com\/blog\/wp-json\/wp\/v2\/posts"}],"about":[{"href":"https:\/\/www.estiber.com\/blog\/wp-json\/wp\/v2\/types\/post"}],"author":[{"embeddable":true,"href":"https:\/\/www.estiber.com\/blog\/wp-json\/wp\/v2\/users\/1"}],"replies":[{"embeddable":true,"href":"https:\/\/www.estiber.com\/blog\/wp-json\/wp\/v2\/comments?post=7651"}],"version-history":[{"count":8,"href":"https:\/\/www.estiber.com\/blog\/wp-json\/wp\/v2\/posts\/7651\/revisions"}],"predecessor-version":[{"id":13791,"href":"https:\/\/www.estiber.com\/blog\/wp-json\/wp\/v2\/posts\/7651\/revisions\/13791"}],"wp:featuredmedia":[{"embeddable":true,"href":"https:\/\/www.estiber.com\/blog\/wp-json\/wp\/v2\/media\/7654"}],"wp:attachment":[{"href":"https:\/\/www.estiber.com\/blog\/wp-json\/wp\/v2\/media?parent=7651"}],"wp:term":[{"taxonomy":"category","embeddable":true,"href":"https:\/\/www.estiber.com\/blog\/wp-json\/wp\/v2\/categories?post=7651"},{"taxonomy":"post_tag","embeddable":true,"href":"https:\/\/www.estiber.com\/blog\/wp-json\/wp\/v2\/tags?post=7651"}],"curies":[{"name":"wp","href":"https:\/\/api.w.org\/{rel}","templated":true}]}}