{"id":6708,"date":"2022-09-23T08:18:52","date_gmt":"2022-09-23T08:18:52","guid":{"rendered":"https:\/\/www.estiber.com\/blog\/?p=6708"},"modified":"2025-10-31T09:58:46","modified_gmt":"2025-10-31T08:58:46","slug":"las-10-mejores-pistas-negras-de-espana-y-andorra","status":"publish","type":"post","link":"https:\/\/www.estiber.com\/blog\/las-10-mejores-pistas-negras-de-espana-y-andorra\/","title":{"rendered":"Las 10 mejores pistas negras de Espa\u00f1a y Andorra"},"content":{"rendered":"<p>Est\u00e1s planificando tu pr\u00f3ximo viaje a la nieve, pero no todo vale. Eres un esquiador experimentado y quieres ir a lo seguro, a una estaci\u00f3n de esqu\u00ed que te d\u00e9 la posibilidad de enfrentarte a aut\u00e9nticos retos. Quieres sentir la velocidad, la adrenalina, los descensos m\u00e1s salvajes. T\u00fa eres de pistas negras, \u00bfverdad?<\/p>\n<p>Como sabes, las pistas negras de las estaciones de esqu\u00ed son el <strong>m\u00e1ximo nivel de dificultad<\/strong>. Son recorridos con <strong>pendientes muy pronunciadas<\/strong> donde cogeremos <strong>gran velocidad<\/strong>, ya que pueden llegar a superar el 50% de desnivel. Para descender por estos trazados hay que ser esquiadores experimentados, tener un control total de los esqu\u00eds y saber defenderse ante cualquier situaci\u00f3n.<\/p>\n<p>Normalmente, las pistas negras suelen estar en las cotas m\u00e1s altas de la estaci\u00f3n, por lo que los esquiadores m\u00e1s habilidosos tendr\u00e9is como premio unas <strong>vistas espectaculares<\/strong>, as\u00ed como <strong>recorridos m\u00e1s largos<\/strong>.<\/p>\n<p>\u00bfD\u00f3nde se encuentran las mejores pistas negras de Espa\u00f1a y Andorra? \u00bfQu\u00e9 podemos esperar de ellas? Analizamos al detalle unas pistas solo recomendables para los esquiadores m\u00e1s experimentados y con muchas ganas de disfrutar descensos emocionantes.<\/p>\n<h2>Las pistas negras m\u00e1s impresionantes<\/h2>\n<h3>Pista Avet en Grandvalira (Andorra).<\/h3>\n<p>Es, seguramente, la pista m\u00e1s emblem\u00e1tica de Andorra. La podremos disfrutar en el sector de <strong>Soldeu<\/strong>. \u00bfQu\u00e9 nos encontraremos aqu\u00ed? Hay rampas de lo m\u00e1s interesantes durante todo el descenso y un buen muro. Saldremos de la zona de Espiolets, que est\u00e1 a 2.250 metros de altitud, y acabaremos en la cota m\u00e1s baja de Soldeu, a 1.800 metros, junto a todos los servicios.<\/p>\n<p>Por tanto, nos esperan <strong>450 metros de desnivel<\/strong>. La pista Avet no es una negra m\u00e1s: su espectacularidad ha hecho que haya acogido varias <strong>Copas del Mundo de esqu\u00ed alpino<\/strong> en los \u00faltimos a\u00f1os (2012 y 2016), as\u00ed como las <strong>Finales de la Copa del Mundo de 2019<\/strong>. Esta pista negra de <a href=\"https:\/\/www.estiber.com\/es_ES\/ofertas-esqui-grandvalira\">Grandvalira, la estrella del Pirineo<\/a>, est\u00e1 conectada con el pueblo de Soldeu gracias a la construcci\u00f3n de una incre\u00edble plataforma esquiable de 14.000 metros cuadrados que ampli\u00f3 la zona de frenado. Por ello, si te atreves, te recomendamos que visites la pista Avet durante tu <a href=\"https:\/\/www.estiber.com\/es_ES\/ofertas-esqui-andorra\">viaje de esqu\u00ed a Andorra<\/a>.<\/p>\n<p><img loading=\"lazy\" decoding=\"async\" class=\"alignnone wp-image-6720 size-full\" src=\"https:\/\/www.estiber.com\/blog\/wp-content\/uploads\/2022\/09\/avet-grandvalira.jpg\" alt=\"\" width=\"750\" height=\"500\" srcset=\"https:\/\/www.estiber.com\/blog\/wp-content\/uploads\/2022\/09\/avet-grandvalira.jpg 750w, https:\/\/www.estiber.com\/blog\/wp-content\/uploads\/2022\/09\/avet-grandvalira-300x200.jpg 300w, https:\/\/www.estiber.com\/blog\/wp-content\/uploads\/2022\/09\/avet-grandvalira-375x250.jpg 375w, https:\/\/www.estiber.com\/blog\/wp-content\/uploads\/2022\/09\/avet-grandvalira-600x400.jpg 600w\" sizes=\"auto, (max-width: 750px) 100vw, 750px\" \/><\/p>\n<h3>Pista \u00c0liga en Grandvalira (Andorra).<\/h3>\n<p>Es una pista negra de esqu\u00ed que, no te vamos a enga\u00f1ar, <strong>tiene alg\u00fan tramo rojo<\/strong>. Pero eso no le resta nada de emoci\u00f3n. Est\u00e1 en el <strong>sector de El Tarter<\/strong> y tiene m\u00e1s de <strong>775 metros de desnivel<\/strong> y discurre por un trazado de <strong>2,7 kil\u00f3metros<\/strong>. Es bastante ancho (de ah\u00ed a que en algunos lugares sea roja), aunque tiene muchos cambios de pendiente y va alternando \u00e1reas m\u00e1s llanas con curvas muy exigentes y saltos (el m\u00e1s famoso es el \u00absalt del gall\u00bb, que solo recomendamos para los esquiadores m\u00e1s experimentados).<\/p>\n<p>Una cosa que nos gusta mucho de la pista \u00c0liga es que <strong>tiene una orientaci\u00f3n norte<\/strong>, por lo que las <strong>condiciones de la nieve<\/strong> suelen ser <strong>muy buenas<\/strong>. <a href=\"https:\/\/www.estiber.com\/es_ES\/ofertas-esqui-grandvalira\">Esquiar en Grandvalira<\/a> nos ofrece la opci\u00f3n de encontrar pistas de este nivel as\u00ed como otras para los que prefieran practicar este deporte de una manera m\u00e1s relajada.<\/p>\n<p><iframe loading=\"lazy\" title=\"M\u00edtic \u00c0liga Race - Grandvalira\" width=\"925\" height=\"694\" src=\"https:\/\/www.youtube.com\/embed\/hlJX4eoHhE8?feature=oembed\" frameborder=\"0\" allow=\"accelerometer; autoplay; clipboard-write; encrypted-media; gyroscope; picture-in-picture; web-share\" referrerpolicy=\"strict-origin-when-cross-origin\" allowfullscreen><\/iframe><\/p>\n<h3>La Capa en Arinsal (Andorra).<\/h3>\n<p>En este listado no puede faltar <strong>La Capa<\/strong>, <strong>una pista negra en la <a href=\"https:\/\/www.estiber.com\/es_ES\/ofertas-esqui-pal-arinsal\">estaci\u00f3n de esqu\u00ed Vallnord-Pal Arinsal<\/a><\/strong> que promete ser apta para los m\u00e1s aventureros y experimentados. Se trata de la pista con mayor desnivel de todo Andorra, nada m\u00e1s y nada menos que 1.000 metros de desnivel en un recorrido de 1.500 metros, \u00a1una aut\u00e9ntica barbaridad!. Este trazado finaliza en la pista Les Marrades, la cual cuenta con el recorrido m\u00e1s largo (5.000 metros).<\/p>\n<p>No siempre se puede disfrutar de La Capa, puesto que no dispone de ca\u00f1ones de nieve, por lo que os recomendamos que <strong>aprvech\u00e9is para visitarla cuando haya buenas condiciones<\/strong> meteorol\u00f3gicas y la encontr\u00e9is abierta.<\/p>\n<p><img loading=\"lazy\" decoding=\"async\" class=\"alignnone wp-image-6735 size-full\" src=\"https:\/\/www.estiber.com\/blog\/wp-content\/uploads\/2022\/09\/la-capa-arinsal.jpg\" alt=\"\" width=\"750\" height=\"500\" srcset=\"https:\/\/www.estiber.com\/blog\/wp-content\/uploads\/2022\/09\/la-capa-arinsal.jpg 750w, https:\/\/www.estiber.com\/blog\/wp-content\/uploads\/2022\/09\/la-capa-arinsal-300x200.jpg 300w, https:\/\/www.estiber.com\/blog\/wp-content\/uploads\/2022\/09\/la-capa-arinsal-375x250.jpg 375w, https:\/\/www.estiber.com\/blog\/wp-content\/uploads\/2022\/09\/la-capa-arinsal-600x400.jpg 600w\" sizes=\"auto, (max-width: 750px) 100vw, 750px\" \/><\/p>\n<h3>Pista Canal Amplia de Cerler (Pirineo Aragon\u00e9s).<\/h3>\n<p>En esta preciosa estaci\u00f3n de esqu\u00ed ubicada <strong>en el valle de Benasque<\/strong>, <a href=\"https:\/\/www.estiber.com\/es_ES\/ofertas-esqui-pirineo-aragones\">Pirieno Aragon\u00e9s<\/a>\u00a0tenemos una pista espectacular, la <strong>Canal Amplia<\/strong>, que es la m\u00e1s emblem\u00e1tica del complejo. Desciende desde el pico Galliner hasta las faldas de la monta\u00f1a. Ofrece un <strong>desnivel de 690 metros<\/strong> en los que los esquiadores alcanzan grandes velocidades, por lo que solo es apta para los m\u00e1s experimentados.<\/p>\n<p>La pista <strong>bordea la ladera del monte<\/strong> y empieza con poco desnivel, pero que no te enga\u00f1en las apariencias, no te conf\u00edes; nos toparemos con muchos baches en los que podr\u00edamos saltar, y acabamos en una gran pendiente. Descubre los rincones m\u00e1s intensos que esconde esta estaci\u00f3n con tu <a href=\"https:\/\/www.estiber.com\/es_ES\/ofertas-esqui-cerler\">viaje de esqu\u00ed a Cerler<\/a>.<\/p>\n<p><img loading=\"lazy\" decoding=\"async\" class=\"alignnone wp-image-6721 size-full\" src=\"https:\/\/www.estiber.com\/blog\/wp-content\/uploads\/2022\/09\/canal-amplia-cerler.jpg\" alt=\"\" width=\"750\" height=\"500\" srcset=\"https:\/\/www.estiber.com\/blog\/wp-content\/uploads\/2022\/09\/canal-amplia-cerler.jpg 750w, https:\/\/www.estiber.com\/blog\/wp-content\/uploads\/2022\/09\/canal-amplia-cerler-300x200.jpg 300w, https:\/\/www.estiber.com\/blog\/wp-content\/uploads\/2022\/09\/canal-amplia-cerler-375x250.jpg 375w, https:\/\/www.estiber.com\/blog\/wp-content\/uploads\/2022\/09\/canal-amplia-cerler-600x400.jpg 600w\" sizes=\"auto, (max-width: 750px) 100vw, 750px\" \/><\/p>\n<h3>Pista Luis Arias en Baqueira Beret (Pirineo Catal\u00e1n).<\/h3>\n<p>Primero, unas presentaciones: el hombre que le da nombre a la pista es quien promovi\u00f3 la creaci\u00f3n de esta estaci\u00f3n de esqu\u00ed en la Val d&#8217;Aran, <a href=\"https:\/\/www.estiber.com\/es_ES\/ofertas-esqui-pirineo-catalan\">Pirineo Catal\u00e1n<\/a> que se ha convertido en una de las mejores del pa\u00eds, todo un visionario. Hoy esta pista negra es de las m\u00e1s famosas: tiene <strong>564 metros de desnivel<\/strong> y recorre <strong>dos kil\u00f3metros<\/strong>, por lo que presenta una pendiente bastante extrema. El recorrido arranca suave, en un espacio amplio y con poca inclinaci\u00f3n&#8230; pero todo es un espejismo, ya que enseguida se estrecha y se presenta un descenso con una empinaci\u00f3n de v\u00e9rtigo. Y todo esto con una <strong>orientaci\u00f3n norte<\/strong>, lo que garantiza una <strong>buena calidad de la nieve<\/strong> para <a href=\"https:\/\/www.estiber.com\/es_ES\/ofertas-esqui-baqueira-beret\">esquiar en Baqueira Beret<\/a>.<\/p>\n<p><img loading=\"lazy\" decoding=\"async\" class=\"alignnone wp-image-6722 size-full\" src=\"https:\/\/www.estiber.com\/blog\/wp-content\/uploads\/2022\/09\/luis-arias-baqueira.jpg\" alt=\"\" width=\"750\" height=\"500\" srcset=\"https:\/\/www.estiber.com\/blog\/wp-content\/uploads\/2022\/09\/luis-arias-baqueira.jpg 750w, https:\/\/www.estiber.com\/blog\/wp-content\/uploads\/2022\/09\/luis-arias-baqueira-300x200.jpg 300w, https:\/\/www.estiber.com\/blog\/wp-content\/uploads\/2022\/09\/luis-arias-baqueira-375x250.jpg 375w, https:\/\/www.estiber.com\/blog\/wp-content\/uploads\/2022\/09\/luis-arias-baqueira-600x400.jpg 600w\" sizes=\"auto, (max-width: 750px) 100vw, 750px\" \/><\/p>\n<h3>Pista El Infierno en Formigal-Panticosa (Pirineo Aragon\u00e9s).<\/h3>\n<p><a href=\"https:\/\/www.estiber.com\/es_ES\/ofertas-esqui-formigal-panticosa\">Esquiar en Formigal-Panticosa<\/a> y llegar a esta pista ya es toda una aventura: podemos ir a trav\u00e9s del telesilla, pero tambi\u00e9n podemos subir en Ski Ratrack, las m\u00e1quinas pisapistas que preparan los trazados balizados de la estaci\u00f3n. Bajaremos desde la colina del Portalet, con <strong>curvas muy pronunciadas<\/strong> y <strong>a gran velocidad<\/strong>. Una pista bastante peligrosa que <strong>exigir\u00e1 un gran nivel de esqu\u00ed.<\/strong><\/p>\n<p><img loading=\"lazy\" decoding=\"async\" class=\"alignnone wp-image-6723 size-full\" src=\"https:\/\/www.estiber.com\/blog\/wp-content\/uploads\/2022\/09\/el-infierno-formigal.jpg\" alt=\"\" width=\"750\" height=\"500\" srcset=\"https:\/\/www.estiber.com\/blog\/wp-content\/uploads\/2022\/09\/el-infierno-formigal.jpg 750w, https:\/\/www.estiber.com\/blog\/wp-content\/uploads\/2022\/09\/el-infierno-formigal-300x200.jpg 300w, https:\/\/www.estiber.com\/blog\/wp-content\/uploads\/2022\/09\/el-infierno-formigal-375x250.jpg 375w, https:\/\/www.estiber.com\/blog\/wp-content\/uploads\/2022\/09\/el-infierno-formigal-600x400.jpg 600w\" sizes=\"auto, (max-width: 750px) 100vw, 750px\" \/><\/p>\n<h3>Pista La Visera en Sierra Nevada.<\/h3>\n<p>Nos vamos a Granada, en Andaluc\u00eda, para recomendaros una pista negra espectacular que se ha convertido en <strong>uno de los iconos de la estaci\u00f3n<\/strong> de esqu\u00ed m\u00e1s soleada. El recorrido es bastante corto, de apenas <strong>225 metros<\/strong>, pero la pendiente es para quitarte el hipo, con puntos en los que llega a los 63 grados. Y no la hace complicada \u00fanicamente la inclinaci\u00f3n, sino que adem\u00e1s en el camino nos toparemos con <strong>muchos baches y texturas diferentes en la nieve<\/strong> que nos sorprender\u00e1n durante el descenso. Aunque no la baj\u00e9is, es dif\u00edcil apartar la vista de la pista y de los valientes que se atreven a probarla y <a href=\"https:\/\/www.estiber.com\/es_ES\/ofertas-esqui-sierra-nevada\">esquiar en Sierra Nevada<\/a>.<\/p>\n<p><img loading=\"lazy\" decoding=\"async\" class=\"alignnone wp-image-6724 size-full\" src=\"https:\/\/www.estiber.com\/blog\/wp-content\/uploads\/2022\/09\/la-visera-sierra-nevada.jpg\" alt=\"\" width=\"750\" height=\"500\" srcset=\"https:\/\/www.estiber.com\/blog\/wp-content\/uploads\/2022\/09\/la-visera-sierra-nevada.jpg 750w, https:\/\/www.estiber.com\/blog\/wp-content\/uploads\/2022\/09\/la-visera-sierra-nevada-300x200.jpg 300w, https:\/\/www.estiber.com\/blog\/wp-content\/uploads\/2022\/09\/la-visera-sierra-nevada-375x250.jpg 375w, https:\/\/www.estiber.com\/blog\/wp-content\/uploads\/2022\/09\/la-visera-sierra-nevada-600x400.jpg 600w\" sizes=\"auto, (max-width: 750px) 100vw, 750px\" \/><\/p>\n<h3>Pista Fonda en Masella (Pirineo Catal\u00e1n).<\/h3>\n<p>Traemos un reto de altura para los esquiadores expertos: comienza <strong>en la cima de la monta\u00f1a de la Tosa<\/strong>, en la <a href=\"https:\/\/www.estiber.com\/es_ES\/ofertas-esqui-masella\">estaci\u00f3n de esqu\u00ed de Masella<\/a>,\u00a0y llega hasta sus faldas en pocos minutos, pasando entre el Tub e Isards. Es un <strong>recorrido de 900 metros<\/strong> con un <strong>desnivel de 290 metros<\/strong>. Por si no lo visualizas: s\u00ed, est\u00e1 muy empinada. Lo que m\u00e1s caracteriza este descenso es su <strong>gran cantidad de baches<\/strong>, que suma dificultad, emoci\u00f3n y alg\u00fan que otro vuelo a la bajada. Si no quieres pasarlo mal, te recomendamos tener algunas nociones de salto antes de lanzarse por la pista Fonda.<\/p>\n<p><img loading=\"lazy\" decoding=\"async\" class=\"alignnone wp-image-6725 size-full\" src=\"https:\/\/www.estiber.com\/blog\/wp-content\/uploads\/2022\/09\/fonda-masella.jpg\" alt=\"\" width=\"750\" height=\"500\" srcset=\"https:\/\/www.estiber.com\/blog\/wp-content\/uploads\/2022\/09\/fonda-masella.jpg 750w, https:\/\/www.estiber.com\/blog\/wp-content\/uploads\/2022\/09\/fonda-masella-300x200.jpg 300w, https:\/\/www.estiber.com\/blog\/wp-content\/uploads\/2022\/09\/fonda-masella-375x250.jpg 375w, https:\/\/www.estiber.com\/blog\/wp-content\/uploads\/2022\/09\/fonda-masella-600x400.jpg 600w\" sizes=\"auto, (max-width: 750px) 100vw, 750px\" \/><\/p>\n<h3>Pista Llanos del Sol en Ast\u00fan (Pirineo Aragon\u00e9s).<\/h3>\n<p>Si algo nos gusta de este trazado, es su salida: parte de la zona de Truchas, donde tendremos las <strong>mejores vistas de toda la estaci\u00f3n<\/strong> de esqu\u00ed. Es una pista negra de esqu\u00ed muy soleada que, adem\u00e1s, suele estar sin pisar, con poca afluencia, dada su gran dificultad. Tiene <strong>1.760 metros de longitud<\/strong> y <strong>423 metros de desnivel<\/strong>, por lo que es una negra <strong>bastante larga<\/strong>. El hecho de que est\u00e9 poco pisada hace que, si no dominamos los esqu\u00eds, nos podamos salir del trazado balizado. Un c\u00f3ctel de ingredientes que hacen que la pista Llanos del Sol sea muy disfrutona para los veteranos del esqu\u00ed. Si buscas un viaje de esqu\u00ed a <a href=\"https:\/\/www.estiber.com\/es_ES\/ofertas-esqui-astun-candanchu\">Ast\u00fan-Candanch\u00fa<\/a>\u00a0acompa\u00f1ado de emociones fuertes, no dudes en bajar por esta pista.<\/p>\n<p><img loading=\"lazy\" decoding=\"async\" class=\"alignnone wp-image-6726 size-full\" src=\"https:\/\/www.estiber.com\/blog\/wp-content\/uploads\/2022\/09\/llanos-del-sol-astun.jpg\" alt=\"\" width=\"750\" height=\"500\" srcset=\"https:\/\/www.estiber.com\/blog\/wp-content\/uploads\/2022\/09\/llanos-del-sol-astun.jpg 750w, https:\/\/www.estiber.com\/blog\/wp-content\/uploads\/2022\/09\/llanos-del-sol-astun-300x200.jpg 300w, https:\/\/www.estiber.com\/blog\/wp-content\/uploads\/2022\/09\/llanos-del-sol-astun-375x250.jpg 375w, https:\/\/www.estiber.com\/blog\/wp-content\/uploads\/2022\/09\/llanos-del-sol-astun-600x400.jpg 600w\" sizes=\"auto, (max-width: 750px) 100vw, 750px\" \/><\/p>\n<h3>El Tubo de la Zapatilla de Candanch\u00fa (Pirineo Aragon\u00e9s).<\/h3>\n<p>Acabamos con nuestra recomendaci\u00f3n de pistas negras en Andorra y Espa\u00f1a con un \u00abbonus track\u00bb: un fuera pista que nos dejar\u00e1 sin aliento, como es el Tubo de la Zapatilla de la estaci\u00f3n de esqu\u00ed en Candanch\u00fa. Su aura de peligrosidad no es, para nada, un mito. \u00bfA qu\u00e9 se debe tanta fama? Esta pista espectacular <strong>combina tramos muy estrechos con gran desnivel<\/strong>, que tienen una media del 65% y, en <strong>algunos tramos, alcanza \u00a1el 90%!<\/strong> Lo del \u00abtubo\u00bb est\u00e1 claro de d\u00f3nde viene.<\/p>\n<p>Es importante recordar que <strong>solo los expertos esquiadores pueden adentrarse en fuera pistas<\/strong> y que hay que ir con el equipo adecuado, adem\u00e1s de ir acompa\u00f1ado. En estos recorridos, la p\u00e9rdida de control de los esqu\u00eds podr\u00eda generar un peque\u00f1o alud y ser fatal.<\/p>\n<p><img loading=\"lazy\" decoding=\"async\" class=\"alignnone wp-image-6727 size-full\" src=\"https:\/\/www.estiber.com\/blog\/wp-content\/uploads\/2022\/09\/tubo-de-la-zapatilla-candanchu.jpg\" alt=\"\" width=\"750\" height=\"500\" srcset=\"https:\/\/www.estiber.com\/blog\/wp-content\/uploads\/2022\/09\/tubo-de-la-zapatilla-candanchu.jpg 750w, https:\/\/www.estiber.com\/blog\/wp-content\/uploads\/2022\/09\/tubo-de-la-zapatilla-candanchu-300x200.jpg 300w, https:\/\/www.estiber.com\/blog\/wp-content\/uploads\/2022\/09\/tubo-de-la-zapatilla-candanchu-375x250.jpg 375w, https:\/\/www.estiber.com\/blog\/wp-content\/uploads\/2022\/09\/tubo-de-la-zapatilla-candanchu-600x400.jpg 600w\" sizes=\"auto, (max-width: 750px) 100vw, 750px\" \/><\/p>\n","protected":false},"excerpt":{"rendered":"<p>Est\u00e1s planificando tu pr\u00f3ximo viaje a la nieve, pero no todo vale. Eres un esquiador experimentado y quieres ir a lo seguro, a una estaci\u00f3n de esqu\u00ed que te d\u00e9 la posibilidad de enfrentarte a aut\u00e9nticos retos. Quieres sentir la velocidad, la adrenalina, los descensos m\u00e1s salvajes. T\u00fa eres de pistas negras, \u00bfverdad? Como sabes, <a class=\"read-more\" href=\"https:\/\/www.estiber.com\/blog\/las-10-mejores-pistas-negras-de-espana-y-andorra\/\">&#8230;<\/a><\/p>\n","protected":false},"author":1,"featured_media":6736,"comment_status":"open","ping_status":"open","sticky":false,"template":"","format":"standard","meta":{"footnotes":""},"categories":[29,2],"tags":[60,49,58,88,56,44,52,47,33],"class_list":{"0":"post-6708","1":"post","2":"type-post","3":"status-publish","4":"format-standard","5":"has-post-thumbnail","6":"hentry","7":"category-destinos-esqui-alojamientos","8":"category-noticias","9":"tag-estacion-esqui-astun-candanchu","10":"tag-noticias-baqueira-beret","11":"tag-estacion-esqui-cerler","12":"tag-esqui","13":"tag-estacion-esqui-formigal-panticosa","14":"tag-estacion-esqui-grandvalira","15":"tag-estacion-esqui-masella","16":"tag-estacion-esqui-pal-arinsal","17":"tag-esqui-sierra-nevada","19":"with-featured-image"},"yoast_head":"<!-- This site is optimized with the Yoast SEO plugin v27.0 - https:\/\/yoast.com\/product\/yoast-seo-wordpress\/ -->\n<title>Las 10 mejores pistas negras de Espa\u00f1a y Andorra | Estiber.com<\/title>\n<meta name=\"description\" content=\"Encuentra aqu\u00ed las pistas de esqu\u00ed m\u00e1s atrevidas de Espa\u00f1a y Andorra. Las diez mejores pistas negras que no te dejar\u00e1n indiferente.\" \/>\n<meta name=\"robots\" content=\"index, follow, max-snippet:-1, max-image-preview:large, max-video-preview:-1\" \/>\n<link rel=\"canonical\" href=\"https:\/\/www.estiber.com\/blog\/las-10-mejores-pistas-negras-de-espana-y-andorra\/\" \/>\n<meta property=\"og:locale\" content=\"es_ES\" \/>\n<meta property=\"og:type\" content=\"article\" \/>\n<meta property=\"og:title\" content=\"Las 10 mejores pistas negras de Espa\u00f1a y Andorra | Estiber.com\" \/>\n<meta property=\"og:description\" content=\"Encuentra aqu\u00ed las pistas de esqu\u00ed m\u00e1s atrevidas de Espa\u00f1a y Andorra. Las diez mejores pistas negras que no te dejar\u00e1n indiferente.\" \/>\n<meta property=\"og:url\" content=\"https:\/\/www.estiber.com\/blog\/las-10-mejores-pistas-negras-de-espana-y-andorra\/\" \/>\n<meta property=\"og:site_name\" content=\"Blog Estiber\" \/>\n<meta property=\"article:publisher\" content=\"https:\/\/www.facebook.com\/estiberviajes\" \/>\n<meta property=\"article:published_time\" content=\"2022-09-23T08:18:52+00:00\" \/>\n<meta property=\"article:modified_time\" content=\"2025-10-31T08:58:46+00:00\" \/>\n<meta property=\"og:image\" content=\"https:\/\/www.estiber.com\/blog\/wp-content\/uploads\/2022\/09\/mejores-pistas-negras-espana-andorra-1.jpg\" \/>\n\t<meta property=\"og:image:width\" content=\"750\" \/>\n\t<meta property=\"og:image:height\" content=\"500\" \/>\n\t<meta property=\"og:image:type\" content=\"image\/jpeg\" \/>\n<meta name=\"author\" content=\"Viajes Estiber\" \/>\n<meta name=\"twitter:card\" content=\"summary_large_image\" \/>\n<meta name=\"twitter:creator\" content=\"@estiberviajes\" \/>\n<meta name=\"twitter:site\" content=\"@estiberviajes\" \/>\n<meta name=\"twitter:label1\" content=\"Escrito por\" \/>\n\t<meta name=\"twitter:data1\" content=\"Viajes Estiber\" \/>\n\t<meta name=\"twitter:label2\" content=\"Tiempo de lectura\" \/>\n\t<meta name=\"twitter:data2\" content=\"9 minutos\" \/>\n<script type=\"application\/ld+json\" class=\"yoast-schema-graph\">{\"@context\":\"https:\/\/schema.org\",\"@graph\":[{\"@type\":\"Article\",\"@id\":\"https:\/\/www.estiber.com\/blog\/las-10-mejores-pistas-negras-de-espana-y-andorra\/#article\",\"isPartOf\":{\"@id\":\"https:\/\/www.estiber.com\/blog\/las-10-mejores-pistas-negras-de-espana-y-andorra\/\"},\"author\":{\"name\":\"Viajes Estiber\",\"@id\":\"https:\/\/www.estiber.com\/blog\/#\/schema\/person\/9b06974be0d71f639d2b3d7b67ef345a\"},\"headline\":\"Las 10 mejores pistas negras de Espa\u00f1a y Andorra\",\"datePublished\":\"2022-09-23T08:18:52+00:00\",\"dateModified\":\"2025-10-31T08:58:46+00:00\",\"mainEntityOfPage\":{\"@id\":\"https:\/\/www.estiber.com\/blog\/las-10-mejores-pistas-negras-de-espana-y-andorra\/\"},\"wordCount\":1546,\"commentCount\":0,\"publisher\":{\"@id\":\"https:\/\/www.estiber.com\/blog\/#organization\"},\"image\":{\"@id\":\"https:\/\/www.estiber.com\/blog\/las-10-mejores-pistas-negras-de-espana-y-andorra\/#primaryimage\"},\"thumbnailUrl\":\"https:\/\/www.estiber.com\/blog\/wp-content\/uploads\/2022\/09\/mejores-pistas-negras-espana-andorra-1.jpg\",\"keywords\":[\"Ast\u00fan - Candanch\u00fa\",\"Baqueira Beret\",\"Cerler\",\"Esqu\u00ed\",\"Formigal-Panticosa\",\"Grandvalira\",\"Masella\",\"Pal - Arinsal\",\"Sierra Nevada\"],\"articleSection\":[\"Destinos y alojamientos\",\"Noticias\"],\"inLanguage\":\"es\",\"potentialAction\":[{\"@type\":\"CommentAction\",\"name\":\"Comment\",\"target\":[\"https:\/\/www.estiber.com\/blog\/las-10-mejores-pistas-negras-de-espana-y-andorra\/#respond\"]}]},{\"@type\":\"WebPage\",\"@id\":\"https:\/\/www.estiber.com\/blog\/las-10-mejores-pistas-negras-de-espana-y-andorra\/\",\"url\":\"https:\/\/www.estiber.com\/blog\/las-10-mejores-pistas-negras-de-espana-y-andorra\/\",\"name\":\"Las 10 mejores pistas negras de Espa\u00f1a y Andorra | Estiber.com\",\"isPartOf\":{\"@id\":\"https:\/\/www.estiber.com\/blog\/#website\"},\"primaryImageOfPage\":{\"@id\":\"https:\/\/www.estiber.com\/blog\/las-10-mejores-pistas-negras-de-espana-y-andorra\/#primaryimage\"},\"image\":{\"@id\":\"https:\/\/www.estiber.com\/blog\/las-10-mejores-pistas-negras-de-espana-y-andorra\/#primaryimage\"},\"thumbnailUrl\":\"https:\/\/www.estiber.com\/blog\/wp-content\/uploads\/2022\/09\/mejores-pistas-negras-espana-andorra-1.jpg\",\"datePublished\":\"2022-09-23T08:18:52+00:00\",\"dateModified\":\"2025-10-31T08:58:46+00:00\",\"description\":\"Encuentra aqu\u00ed las pistas de esqu\u00ed m\u00e1s atrevidas de Espa\u00f1a y Andorra. Las diez mejores pistas negras que no te dejar\u00e1n indiferente.\",\"breadcrumb\":{\"@id\":\"https:\/\/www.estiber.com\/blog\/las-10-mejores-pistas-negras-de-espana-y-andorra\/#breadcrumb\"},\"inLanguage\":\"es\",\"potentialAction\":[{\"@type\":\"ReadAction\",\"target\":[\"https:\/\/www.estiber.com\/blog\/las-10-mejores-pistas-negras-de-espana-y-andorra\/\"]}]},{\"@type\":\"ImageObject\",\"inLanguage\":\"es\",\"@id\":\"https:\/\/www.estiber.com\/blog\/las-10-mejores-pistas-negras-de-espana-y-andorra\/#primaryimage\",\"url\":\"https:\/\/www.estiber.com\/blog\/wp-content\/uploads\/2022\/09\/mejores-pistas-negras-espana-andorra-1.jpg\",\"contentUrl\":\"https:\/\/www.estiber.com\/blog\/wp-content\/uploads\/2022\/09\/mejores-pistas-negras-espana-andorra-1.jpg\",\"width\":750,\"height\":500},{\"@type\":\"BreadcrumbList\",\"@id\":\"https:\/\/www.estiber.com\/blog\/las-10-mejores-pistas-negras-de-espana-y-andorra\/#breadcrumb\",\"itemListElement\":[{\"@type\":\"ListItem\",\"position\":1,\"name\":\"Portada\",\"item\":\"https:\/\/www.estiber.com\/blog\/\"},{\"@type\":\"ListItem\",\"position\":2,\"name\":\"Las 10 mejores pistas negras de Espa\u00f1a y Andorra\"}]},{\"@type\":\"WebSite\",\"@id\":\"https:\/\/www.estiber.com\/blog\/#website\",\"url\":\"https:\/\/www.estiber.com\/blog\/\",\"name\":\"Blog Estiber\",\"description\":\"\",\"publisher\":{\"@id\":\"https:\/\/www.estiber.com\/blog\/#organization\"},\"potentialAction\":[{\"@type\":\"SearchAction\",\"target\":{\"@type\":\"EntryPoint\",\"urlTemplate\":\"https:\/\/www.estiber.com\/blog\/?s={search_term_string}\"},\"query-input\":{\"@type\":\"PropertyValueSpecification\",\"valueRequired\":true,\"valueName\":\"search_term_string\"}}],\"inLanguage\":\"es\"},{\"@type\":\"Organization\",\"@id\":\"https:\/\/www.estiber.com\/blog\/#organization\",\"name\":\"Viajes Estiber\",\"url\":\"https:\/\/www.estiber.com\/blog\/\",\"logo\":{\"@type\":\"ImageObject\",\"inLanguage\":\"es\",\"@id\":\"https:\/\/www.estiber.com\/blog\/#\/schema\/logo\/image\/\",\"url\":\"https:\/\/www.estiber.com\/blog\/wp-content\/uploads\/2017\/05\/estiber-ofertas-esqui-2.jpg\",\"contentUrl\":\"https:\/\/www.estiber.com\/blog\/wp-content\/uploads\/2017\/05\/estiber-ofertas-esqui-2.jpg\",\"width\":800,\"height\":800,\"caption\":\"Viajes Estiber\"},\"image\":{\"@id\":\"https:\/\/www.estiber.com\/blog\/#\/schema\/logo\/image\/\"},\"sameAs\":[\"https:\/\/www.facebook.com\/estiberviajes\",\"https:\/\/x.com\/estiberviajes\",\"https:\/\/www.instagram.com\/estiberviajes\/\",\"https:\/\/www.pinterest.com\/estiberviajes\/\"]},{\"@type\":\"Person\",\"@id\":\"https:\/\/www.estiber.com\/blog\/#\/schema\/person\/9b06974be0d71f639d2b3d7b67ef345a\",\"name\":\"Viajes Estiber\",\"image\":{\"@type\":\"ImageObject\",\"inLanguage\":\"es\",\"@id\":\"https:\/\/www.estiber.com\/blog\/#\/schema\/person\/image\/\",\"url\":\"https:\/\/secure.gravatar.com\/avatar\/051495a22a5ce727b6909eb86316af3cfcc7b5e4dea54b863ed8d2281ec15d4a?s=96&d=mm&r=g\",\"contentUrl\":\"https:\/\/secure.gravatar.com\/avatar\/051495a22a5ce727b6909eb86316af3cfcc7b5e4dea54b863ed8d2281ec15d4a?s=96&d=mm&r=g\",\"caption\":\"Viajes Estiber\"},\"description\":\"Ofertas de esqu\u00ed en Andorra, Alpes, Pirineo y Sierra Nevada. Encuentra ofertas de ski hotel m\u00e1s forfait y viajes de esqu\u00ed al mejor precio.\",\"url\":\"https:\/\/www.estiber.com\/blog\/author\/estiber\/\"}]}<\/script>\n<!-- \/ Yoast SEO plugin. -->","yoast_head_json":{"title":"Las 10 mejores pistas negras de Espa\u00f1a y Andorra | Estiber.com","description":"Encuentra aqu\u00ed las pistas de esqu\u00ed m\u00e1s atrevidas de Espa\u00f1a y Andorra. Las diez mejores pistas negras que no te dejar\u00e1n indiferente.","robots":{"index":"index","follow":"follow","max-snippet":"max-snippet:-1","max-image-preview":"max-image-preview:large","max-video-preview":"max-video-preview:-1"},"canonical":"https:\/\/www.estiber.com\/blog\/las-10-mejores-pistas-negras-de-espana-y-andorra\/","og_locale":"es_ES","og_type":"article","og_title":"Las 10 mejores pistas negras de Espa\u00f1a y Andorra | Estiber.com","og_description":"Encuentra aqu\u00ed las pistas de esqu\u00ed m\u00e1s atrevidas de Espa\u00f1a y Andorra. Las diez mejores pistas negras que no te dejar\u00e1n indiferente.","og_url":"https:\/\/www.estiber.com\/blog\/las-10-mejores-pistas-negras-de-espana-y-andorra\/","og_site_name":"Blog Estiber","article_publisher":"https:\/\/www.facebook.com\/estiberviajes","article_published_time":"2022-09-23T08:18:52+00:00","article_modified_time":"2025-10-31T08:58:46+00:00","og_image":[{"width":750,"height":500,"url":"https:\/\/www.estiber.com\/blog\/wp-content\/uploads\/2022\/09\/mejores-pistas-negras-espana-andorra-1.jpg","type":"image\/jpeg"}],"author":"Viajes Estiber","twitter_card":"summary_large_image","twitter_creator":"@estiberviajes","twitter_site":"@estiberviajes","twitter_misc":{"Escrito por":"Viajes Estiber","Tiempo de lectura":"9 minutos"},"schema":{"@context":"https:\/\/schema.org","@graph":[{"@type":"Article","@id":"https:\/\/www.estiber.com\/blog\/las-10-mejores-pistas-negras-de-espana-y-andorra\/#article","isPartOf":{"@id":"https:\/\/www.estiber.com\/blog\/las-10-mejores-pistas-negras-de-espana-y-andorra\/"},"author":{"name":"Viajes Estiber","@id":"https:\/\/www.estiber.com\/blog\/#\/schema\/person\/9b06974be0d71f639d2b3d7b67ef345a"},"headline":"Las 10 mejores pistas negras de Espa\u00f1a y Andorra","datePublished":"2022-09-23T08:18:52+00:00","dateModified":"2025-10-31T08:58:46+00:00","mainEntityOfPage":{"@id":"https:\/\/www.estiber.com\/blog\/las-10-mejores-pistas-negras-de-espana-y-andorra\/"},"wordCount":1546,"commentCount":0,"publisher":{"@id":"https:\/\/www.estiber.com\/blog\/#organization"},"image":{"@id":"https:\/\/www.estiber.com\/blog\/las-10-mejores-pistas-negras-de-espana-y-andorra\/#primaryimage"},"thumbnailUrl":"https:\/\/www.estiber.com\/blog\/wp-content\/uploads\/2022\/09\/mejores-pistas-negras-espana-andorra-1.jpg","keywords":["Ast\u00fan - Candanch\u00fa","Baqueira Beret","Cerler","Esqu\u00ed","Formigal-Panticosa","Grandvalira","Masella","Pal - Arinsal","Sierra Nevada"],"articleSection":["Destinos y alojamientos","Noticias"],"inLanguage":"es","potentialAction":[{"@type":"CommentAction","name":"Comment","target":["https:\/\/www.estiber.com\/blog\/las-10-mejores-pistas-negras-de-espana-y-andorra\/#respond"]}]},{"@type":"WebPage","@id":"https:\/\/www.estiber.com\/blog\/las-10-mejores-pistas-negras-de-espana-y-andorra\/","url":"https:\/\/www.estiber.com\/blog\/las-10-mejores-pistas-negras-de-espana-y-andorra\/","name":"Las 10 mejores pistas negras de Espa\u00f1a y Andorra | Estiber.com","isPartOf":{"@id":"https:\/\/www.estiber.com\/blog\/#website"},"primaryImageOfPage":{"@id":"https:\/\/www.estiber.com\/blog\/las-10-mejores-pistas-negras-de-espana-y-andorra\/#primaryimage"},"image":{"@id":"https:\/\/www.estiber.com\/blog\/las-10-mejores-pistas-negras-de-espana-y-andorra\/#primaryimage"},"thumbnailUrl":"https:\/\/www.estiber.com\/blog\/wp-content\/uploads\/2022\/09\/mejores-pistas-negras-espana-andorra-1.jpg","datePublished":"2022-09-23T08:18:52+00:00","dateModified":"2025-10-31T08:58:46+00:00","description":"Encuentra aqu\u00ed las pistas de esqu\u00ed m\u00e1s atrevidas de Espa\u00f1a y Andorra. Las diez mejores pistas negras que no te dejar\u00e1n indiferente.","breadcrumb":{"@id":"https:\/\/www.estiber.com\/blog\/las-10-mejores-pistas-negras-de-espana-y-andorra\/#breadcrumb"},"inLanguage":"es","potentialAction":[{"@type":"ReadAction","target":["https:\/\/www.estiber.com\/blog\/las-10-mejores-pistas-negras-de-espana-y-andorra\/"]}]},{"@type":"ImageObject","inLanguage":"es","@id":"https:\/\/www.estiber.com\/blog\/las-10-mejores-pistas-negras-de-espana-y-andorra\/#primaryimage","url":"https:\/\/www.estiber.com\/blog\/wp-content\/uploads\/2022\/09\/mejores-pistas-negras-espana-andorra-1.jpg","contentUrl":"https:\/\/www.estiber.com\/blog\/wp-content\/uploads\/2022\/09\/mejores-pistas-negras-espana-andorra-1.jpg","width":750,"height":500},{"@type":"BreadcrumbList","@id":"https:\/\/www.estiber.com\/blog\/las-10-mejores-pistas-negras-de-espana-y-andorra\/#breadcrumb","itemListElement":[{"@type":"ListItem","position":1,"name":"Portada","item":"https:\/\/www.estiber.com\/blog\/"},{"@type":"ListItem","position":2,"name":"Las 10 mejores pistas negras de Espa\u00f1a y Andorra"}]},{"@type":"WebSite","@id":"https:\/\/www.estiber.com\/blog\/#website","url":"https:\/\/www.estiber.com\/blog\/","name":"Blog Estiber","description":"","publisher":{"@id":"https:\/\/www.estiber.com\/blog\/#organization"},"potentialAction":[{"@type":"SearchAction","target":{"@type":"EntryPoint","urlTemplate":"https:\/\/www.estiber.com\/blog\/?s={search_term_string}"},"query-input":{"@type":"PropertyValueSpecification","valueRequired":true,"valueName":"search_term_string"}}],"inLanguage":"es"},{"@type":"Organization","@id":"https:\/\/www.estiber.com\/blog\/#organization","name":"Viajes Estiber","url":"https:\/\/www.estiber.com\/blog\/","logo":{"@type":"ImageObject","inLanguage":"es","@id":"https:\/\/www.estiber.com\/blog\/#\/schema\/logo\/image\/","url":"https:\/\/www.estiber.com\/blog\/wp-content\/uploads\/2017\/05\/estiber-ofertas-esqui-2.jpg","contentUrl":"https:\/\/www.estiber.com\/blog\/wp-content\/uploads\/2017\/05\/estiber-ofertas-esqui-2.jpg","width":800,"height":800,"caption":"Viajes Estiber"},"image":{"@id":"https:\/\/www.estiber.com\/blog\/#\/schema\/logo\/image\/"},"sameAs":["https:\/\/www.facebook.com\/estiberviajes","https:\/\/x.com\/estiberviajes","https:\/\/www.instagram.com\/estiberviajes\/","https:\/\/www.pinterest.com\/estiberviajes\/"]},{"@type":"Person","@id":"https:\/\/www.estiber.com\/blog\/#\/schema\/person\/9b06974be0d71f639d2b3d7b67ef345a","name":"Viajes Estiber","image":{"@type":"ImageObject","inLanguage":"es","@id":"https:\/\/www.estiber.com\/blog\/#\/schema\/person\/image\/","url":"https:\/\/secure.gravatar.com\/avatar\/051495a22a5ce727b6909eb86316af3cfcc7b5e4dea54b863ed8d2281ec15d4a?s=96&d=mm&r=g","contentUrl":"https:\/\/secure.gravatar.com\/avatar\/051495a22a5ce727b6909eb86316af3cfcc7b5e4dea54b863ed8d2281ec15d4a?s=96&d=mm&r=g","caption":"Viajes Estiber"},"description":"Ofertas de esqu\u00ed en Andorra, Alpes, Pirineo y Sierra Nevada. Encuentra ofertas de ski hotel m\u00e1s forfait y viajes de esqu\u00ed al mejor precio.","url":"https:\/\/www.estiber.com\/blog\/author\/estiber\/"}]}},"_links":{"self":[{"href":"https:\/\/www.estiber.com\/blog\/wp-json\/wp\/v2\/posts\/6708","targetHints":{"allow":["GET"]}}],"collection":[{"href":"https:\/\/www.estiber.com\/blog\/wp-json\/wp\/v2\/posts"}],"about":[{"href":"https:\/\/www.estiber.com\/blog\/wp-json\/wp\/v2\/types\/post"}],"author":[{"embeddable":true,"href":"https:\/\/www.estiber.com\/blog\/wp-json\/wp\/v2\/users\/1"}],"replies":[{"embeddable":true,"href":"https:\/\/www.estiber.com\/blog\/wp-json\/wp\/v2\/comments?post=6708"}],"version-history":[{"count":19,"href":"https:\/\/www.estiber.com\/blog\/wp-json\/wp\/v2\/posts\/6708\/revisions"}],"predecessor-version":[{"id":14730,"href":"https:\/\/www.estiber.com\/blog\/wp-json\/wp\/v2\/posts\/6708\/revisions\/14730"}],"wp:featuredmedia":[{"embeddable":true,"href":"https:\/\/www.estiber.com\/blog\/wp-json\/wp\/v2\/media\/6736"}],"wp:attachment":[{"href":"https:\/\/www.estiber.com\/blog\/wp-json\/wp\/v2\/media?parent=6708"}],"wp:term":[{"taxonomy":"category","embeddable":true,"href":"https:\/\/www.estiber.com\/blog\/wp-json\/wp\/v2\/categories?post=6708"},{"taxonomy":"post_tag","embeddable":true,"href":"https:\/\/www.estiber.com\/blog\/wp-json\/wp\/v2\/tags?post=6708"}],"curies":[{"name":"wp","href":"https:\/\/api.w.org\/{rel}","templated":true}]}}