{"id":5686,"date":"2022-02-18T11:09:51","date_gmt":"2022-02-18T11:09:51","guid":{"rendered":"https:\/\/www.estiber.com\/blog\/?p=5686"},"modified":"2022-06-14T11:55:53","modified_gmt":"2022-06-14T11:55:53","slug":"agenda-de-carnaval-en-grandvalira","status":"publish","type":"post","link":"https:\/\/www.estiber.com\/blog\/agenda-de-carnaval-en-grandvalira\/","title":{"rendered":"Agenda de Carnaval en Grandvalira"},"content":{"rendered":"<p>Se acercan las fechas del Carnaval 2022. Si te gusta la fiesta, disfrazarte, la m\u00fasica, y sobre todo, el buen rollo, pero no te quieres perder <a href=\"https:\/\/www.estiber.com\/es_ES\/ofertas-esqui-grandvalira\/fin-de-semana\">un fin de semana en la nieve<\/a>, ahora que estamos en el mejor momento de la temporada de esqu\u00ed, te hemos preparado un plan perfecto: \u00a1Pasar la fiesta de los disfraces en la estaci\u00f3n de esqu\u00ed de Grandvalira!<\/p>\n<p>Hay actividades para todos los gustos, para que vayas con los amigos o con la familia. Todos ser\u00e9is bienvenidos. Esta es toda la programaci\u00f3n que podr\u00e9is disfrutar en el<strong> Carnaval de Grandvalira que se celebra del 26 al 28 de febrero<\/strong> en medio de los Pirineos de Andorra.<\/p>\n<h2><strong>Todos los que puedes hacer en los Carnavales de Grandvalira 2022<\/strong><\/h2>\n<p><img loading=\"lazy\" decoding=\"async\" class=\"alignnone wp-image-5690 \" src=\"https:\/\/www.estiber.com\/blog\/wp-content\/uploads\/2022\/02\/grandvalira-carnaval.jpg\" alt=\"\" width=\"760\" height=\"507\" srcset=\"https:\/\/www.estiber.com\/blog\/wp-content\/uploads\/2022\/02\/grandvalira-carnaval.jpg 800w, https:\/\/www.estiber.com\/blog\/wp-content\/uploads\/2022\/02\/grandvalira-carnaval-300x200.jpg 300w, https:\/\/www.estiber.com\/blog\/wp-content\/uploads\/2022\/02\/grandvalira-carnaval-768x513.jpg 768w, https:\/\/www.estiber.com\/blog\/wp-content\/uploads\/2022\/02\/grandvalira-carnaval-375x250.jpg 375w, https:\/\/www.estiber.com\/blog\/wp-content\/uploads\/2022\/02\/grandvalira-carnaval-600x401.jpg 600w\" sizes=\"auto, (max-width: 760px) 100vw, 760px\" \/><\/p>\n<p>Coge fuerzas porque<a href=\"https:\/\/www.estiber.com\/es_ES\/ofertas-esqui-grandvalira\"> la estaci\u00f3n de esqu\u00ed de Grandvalira (Andorra)<\/a> ha preparado unas cuantas cosas para estos d\u00edas de fiesta. Las pistas se llenar\u00e1n de sonrisas y diversi\u00f3n. Esto es lo que nos anuncia <strong>el programa de Carnaval por sectores<\/strong>:<\/p>\n<ul>\n<li><a href=\"https:\/\/www.estiber.com\/es_ES\/ofertas-esqui-pas-de-la-casa\"><strong>Pas de la Casa<\/strong><\/a>. En el sector m\u00e1s elevado de Grandvalira y con grandes condiciones de la nieve por eso, por sus 2.100 metros de altitud, podremos apuntarnos a una de las actividades m\u00e1s divertidas de los Carnavales en Grandvalira: el <strong>s\u00e1bado 26 de febrero se har\u00e1 una bajada de antorchas por pista<\/strong>. Se sube a las 18.30h en el TSD4 y para las 19h comienza el descenso. Todo un espect\u00e1culo en la oscuridad, con luz y fuego. Es necesario inscribirse.<\/li>\n<\/ul>\n<ul>\n<li><strong>Canillo, Soldeu y El Tarter<\/strong>. En estos sectores de Grandvalira podremos disfrutar de una programaci\u00f3n muy completa durante el Carnaval 2022, <strong>especialmente destinada al p\u00fablico infantil<\/strong> (\u00a1aunque hay de todo!). Por las ma\u00f1anas de los d\u00edas 27 y 28 de febrero, los personajes de cada uno de estos sectores se encontrar\u00e1n con los ni\u00f1os en los diferentes jardines de nieve y circuitos infantiles: Bababoom (El Tarter), Yokai (Soldeu), Follet Puk y Bruixa Mel (Canillo).<\/li>\n<\/ul>\n<p><img loading=\"lazy\" decoding=\"async\" class=\"alignnone wp-image-5416 \" src=\"https:\/\/www.estiber.com\/blog\/wp-content\/uploads\/2021\/12\/hoteles-con-ni\u00f1os-andorra.jpg\" alt=\"\" width=\"655\" height=\"437\" srcset=\"https:\/\/www.estiber.com\/blog\/wp-content\/uploads\/2021\/12\/hoteles-con-ni\u00f1os-andorra.jpg 800w, https:\/\/www.estiber.com\/blog\/wp-content\/uploads\/2021\/12\/hoteles-con-ni\u00f1os-andorra-300x200.jpg 300w, https:\/\/www.estiber.com\/blog\/wp-content\/uploads\/2021\/12\/hoteles-con-ni\u00f1os-andorra-768x513.jpg 768w, https:\/\/www.estiber.com\/blog\/wp-content\/uploads\/2021\/12\/hoteles-con-ni\u00f1os-andorra-375x250.jpg 375w, https:\/\/www.estiber.com\/blog\/wp-content\/uploads\/2021\/12\/hoteles-con-ni\u00f1os-andorra-600x401.jpg 600w\" sizes=\"auto, (max-width: 655px) 100vw, 655px\" \/><\/p>\n<p>A\u00fan hay m\u00e1s, ya que en estos espacios habr\u00e1 servicio de maquillaje infantil, ideal para celebrar unos Carnavales como toca. Por las tardes, estos sectores organizan muchas actividades:<strong> creaci\u00f3n de disfraces, gincana tem\u00e1tica, salidas con raquetas de nieve, juegos deportivos de equipo y construcciones<\/strong>.<\/p>\n<p>Como ves, son tres d\u00edas en los que podr\u00e9is celebrar unos Carnavales diferentes e inolvidables, rodeados de monta\u00f1as nevadas, en un paraje espectacular, y con propuestas divertidas para ni\u00f1os y adultos.<\/p>\n<h2><strong>Grandvalira, una estaci\u00f3n de esqu\u00ed que no te acabar\u00e1s<\/strong><\/h2>\n<p>Adem\u00e1s de las <strong>actividades programadas para los Carnavales en Grandvalira<\/strong>, podr\u00e1s disfrutar de todo lo que te ofrece esta estaci\u00f3n de esqu\u00ed de Andorra: 210 kil\u00f3metros de pistas de todos los niveles. El abanico es tan amplio que, si no quieres, no tendr\u00e1s porqu\u00e9 repetir una pista.<\/p>\n<p>Si nunca has esquiado o quer\u00e9is ir con los peques a dar los primeros pasos, deb\u00e9is ir a Canillo, con pistas de baja dificultad y con el <a href=\"https:\/\/www.estiber.com\/blog\/circuitos-infantiles-grandvalira\/\">circuito infantil de Grandvalira<\/a> \u201c<strong>Mont Magic<\/strong>\u201d, adem\u00e1s de Soldeu, en el coraz\u00f3n de Grandvalira, y con el circuito \u201c<strong>Bababoom Circu<\/strong>s\u201d.<\/p>\n<p>Los que buscan m\u00e1s emoci\u00f3n y zonas freeride, deben dirigirse a <strong>Encamp o a El Tarter<\/strong>, un sector donde es un <strong>descenso obligatorio la pista \u00c1liga<\/strong>. \u00a1Solo para veteranos y amantes de los retos! <strong>Grau Roig<\/strong> es un sector donde moverte por los <strong>paisajes m\u00e1s v\u00edrgenes de Grandvalira<\/strong> y donde est\u00e1 la \u00fanica pista de \u201cKil\u00f3metro lanzado\u201d de toda la pen\u00ednsula.<\/p>\n<p>En <strong>Pas de la Casa<\/strong>, gracias a su altitud (como hemos se\u00f1alado antes, su parte m\u00e1s alta est\u00e1 a 2.100 metros), podremos gozar de la mejor calidad de la nieve de toda la estaci\u00f3n de esqu\u00ed, y encontrar\u00e9is <strong>pistas con niveles de dificultad medio-avanzado<\/strong>, as\u00ed como circuitos para practicar esqu\u00ed de monta\u00f1a.<\/p>\n<p><iframe loading=\"lazy\" title=\"GRAND FAMILY DAY - GRANDVALIRA IMAGINARIUM\" width=\"925\" height=\"520\" src=\"https:\/\/www.youtube.com\/embed\/gmjfmXL6dTI?start=1&#038;feature=oembed\" frameborder=\"0\" allow=\"accelerometer; autoplay; clipboard-write; encrypted-media; gyroscope; picture-in-picture\" allowfullscreen><\/iframe><\/p>\n<h2><strong>\u00bfQu\u00e9 m\u00e1s planes podemos hacer en Grandvalira?<\/strong><\/h2>\n<p>Aprovecha tu escapada a la estaci\u00f3n de esqu\u00ed de Grandvalira Andorra para vivir unos Carnavales diferentes y para hacer muchas m\u00e1s cosas. <a href=\"https:\/\/www.estiber.com\/es_ES\/ofertas-esqui-andorra\">Andorra<\/a> es un peque\u00f1o pa\u00eds con una ubicaci\u00f3n privilegiada, en medio de las monta\u00f1as de los Pirineos. As\u00ed que tiene muchas propuestas para el \u2018apr\u00e8s-ski\u2019.<\/p>\n<ul>\n<li>\u00a1<strong>Seguir esquiando<\/strong>! Podemos estar con las botas y los esqu\u00eds puestos hasta bien avanzada la noche gracias a dos cosas: la <a href=\"https:\/\/www.estiber.com\/blog\/esqui-nocturno-de-pas-de-la-casa-grandvalira\/\">pista nocturna de Pas de la Casa<\/a> y el Sunset Park Henrik Harlaut, en el sector de Grau Roig, que cierra a las 22 horas. Para los que llevan incorporadas pilas alcalinas en su cuerpo.<\/li>\n<\/ul>\n<p><img loading=\"lazy\" decoding=\"async\" class=\"alignnone wp-image-5692 \" src=\"https:\/\/www.estiber.com\/blog\/wp-content\/uploads\/2022\/02\/pas-de-la-casa-ski-nocturno.jpg\" alt=\"\" width=\"680\" height=\"453\" srcset=\"https:\/\/www.estiber.com\/blog\/wp-content\/uploads\/2022\/02\/pas-de-la-casa-ski-nocturno.jpg 750w, https:\/\/www.estiber.com\/blog\/wp-content\/uploads\/2022\/02\/pas-de-la-casa-ski-nocturno-300x200.jpg 300w, https:\/\/www.estiber.com\/blog\/wp-content\/uploads\/2022\/02\/pas-de-la-casa-ski-nocturno-375x250.jpg 375w, https:\/\/www.estiber.com\/blog\/wp-content\/uploads\/2022\/02\/pas-de-la-casa-ski-nocturno-600x400.jpg 600w\" sizes=\"auto, (max-width: 680px) 100vw, 680px\" \/><\/p>\n<ul>\n<li>Una tarde divertida en el <strong>Palau de Gel de Andorra<\/strong>. Se trata de un gran complejo con m\u00e1s de 1.800 metros cuadrados de hielo donde podremos practicar muchas actividades en familia o con los amigos, desde patinaje sobre hielo hasta curling, ballon balai, hockey o f\u00fatbol sobre hielo. A\u00f1adir\u00e9is an\u00e9cdotas muy divertidas a vuestra escapada a Grandvalira. Tambi\u00e9n hay piscina climatizada y un gimnasio. Y si ten\u00e9is ganas de fiesta, por la noche llega el \u201cdiscogel\u201d: \u00a1patinaje sobre hielo nocturno con m\u00fasica y luces de colores!<\/li>\n<\/ul>\n<ul>\n<li><strong>Relajaci\u00f3n en las mejores termas<\/strong>. El balneario (que es mucho m\u00e1s que un balneario) m\u00e1s conocido d Andorra es, sin duda, el <a href=\"https:\/\/www.estiber.com\/es_ES\/ofertas-caldea\">centro termol\u00fadico Caldea<\/a>. Se trata del <strong>centro termal m\u00e1s grande del sur de Europa<\/strong> y cuenta con espacios para todos los p\u00fablicos (literal): el amplio Termol\u00fadico, para pasarlo en grande familias y amigos; <a href=\"https:\/\/www.estiber.com\/es_ES\/ofertas-inuu\">In\u00fau<\/a>, un lugar al que <strong>solo<\/strong> <strong>pueden acceder personas mayores de 16 a\u00f1os<\/strong> y que se concibe para el p\u00fablico adulto, como un espacio m\u00e1s tranquilo e \u00edntimo; <a href=\"https:\/\/www.estiber.com\/blog\/caldea-likids-un-divertido-spa-para-ninos\/\">Likids<\/a>, donde <strong>solo pueden entrar los peques de la casa<\/strong> y est\u00e1n acompa\u00f1ados por monitores; y Or\u00edgenes, una zona con diferentes \u00e1reas de ba\u00f1os ex\u00f3ticos, para probar experiencias y sensaciones nuevas (hammam, jard\u00edn japon\u00e9s, ba\u00f1o azteca\u2026).<\/li>\n<\/ul>\n<p><img loading=\"lazy\" decoding=\"async\" class=\"alignnone wp-image-5691 \" src=\"https:\/\/www.estiber.com\/blog\/wp-content\/uploads\/2022\/02\/caldea-carnaval.jpg\" alt=\"\" width=\"705\" height=\"424\" srcset=\"https:\/\/www.estiber.com\/blog\/wp-content\/uploads\/2022\/02\/caldea-carnaval.jpg 828w, https:\/\/www.estiber.com\/blog\/wp-content\/uploads\/2022\/02\/caldea-carnaval-300x180.jpg 300w, https:\/\/www.estiber.com\/blog\/wp-content\/uploads\/2022\/02\/caldea-carnaval-768x462.jpg 768w, https:\/\/www.estiber.com\/blog\/wp-content\/uploads\/2022\/02\/caldea-carnaval-800x481.jpg 800w, https:\/\/www.estiber.com\/blog\/wp-content\/uploads\/2022\/02\/caldea-carnaval-600x361.jpg 600w\" sizes=\"auto, (max-width: 705px) 100vw, 705px\" \/><\/p>\n<ul>\n<li><strong>Turismo por Andorra<\/strong>. En tu viaje a Grandvalira puedes aprovechar para conocer bonitos rincones del pa\u00eds, como sus<strong> iglesias rom\u00e1nicas<\/strong>: coge el coche y recorre las m\u00e1s de 40 que hay, datadas entre los siglos VIII y XIII. Asimismo, no te puedes perder rutas bonitas por sus parajes como la Ruta del Hierro o una visita al Lago Engolasters.<\/li>\n<\/ul>\n<ul>\n<li><strong>Fiesta en Andorra<\/strong>. No nos olvidamos de uno de los pasatiempos favoritos de los esquiadores para el \u2018apr\u00e8s-ski\u2019: salir de juerga. Tenemos muchas opciones en los alrededores de la estaci\u00f3n de esqu\u00ed de Grandvalira, como<strong> L\u2019Apr\u00e8s Am\u00e9lie, una gran terraza en el Funicamp<\/strong>, o el Snowclub Tarter, con zona chill out, m\u00fasica en vivo y DJs. En Andorra la Vella encontraremos varias discotecas para bailar hasta que el cuerpo aguante, como Klub Andorra, Discoteca tropical o Kapital Andorra.<\/li>\n<\/ul>\n<ul>\n<li><strong>Irte de compras<\/strong>. \u00bfC\u00f3mo vas a pasar por Andorra sin practicar uno de los \u201cdeportes\u201d favoritos de sus visitantes? S\u00ed, hablamos del \u201cshopping\u201d, una actividad muy popular gracias a <a href=\"https:\/\/www.estiber.com\/blog\/que-es-barato-andorra\/\">sus grandes centros comerciales con bajos impuestos<\/a> (menores que en Espa\u00f1a). Si necesitas renovar tu equipamiento de esqu\u00ed, aprovecha tu viaje a Grandvalira para buscar las mejores marcas con grandes descuentos. Y es que Andorra es una buena oportunidad para encontrar marcas de calidad, donde <strong>se nota especialmente esa bajada del IVA<\/strong>.<\/li>\n<\/ul>\n<p><img loading=\"lazy\" decoding=\"async\" class=\"alignnone wp-image-5652 \" src=\"https:\/\/www.estiber.com\/blog\/wp-content\/uploads\/2022\/02\/compras-andorra.jpg\" alt=\"\" width=\"686\" height=\"384\" srcset=\"https:\/\/www.estiber.com\/blog\/wp-content\/uploads\/2022\/02\/compras-andorra.jpg 800w, https:\/\/www.estiber.com\/blog\/wp-content\/uploads\/2022\/02\/compras-andorra-300x168.jpg 300w, https:\/\/www.estiber.com\/blog\/wp-content\/uploads\/2022\/02\/compras-andorra-768x430.jpg 768w, https:\/\/www.estiber.com\/blog\/wp-content\/uploads\/2022\/02\/compras-andorra-600x336.jpg 600w\" sizes=\"auto, (max-width: 686px) 100vw, 686px\" \/><\/p>\n<p>Hablamos de ropa de monta\u00f1a, pero tambi\u00e9n de productos electr\u00f3nicos, perfumes buenos o alimentaci\u00f3n gourmet. Otro cl\u00e1sico son las bebidas alcoh\u00f3licas y el tabaco, pero revisa bien la normativa porque hay l\u00edmites de cantidad que se puede sacar por persona. Algunos de los centros comerciales m\u00e1s populares son, adem\u00e1s de la Avinguda Meritxell de Andorra la Vella, el Illa Carlemany, H\u00edper Andorra E.Leclerc, CCA-Super U o Andorra 2000.<\/p>\n","protected":false},"excerpt":{"rendered":"<p>Se acercan las fechas del Carnaval 2022. Si te gusta la fiesta, disfrazarte, la m\u00fasica, y sobre todo, el buen rollo, pero no te quieres perder un fin de semana en la nieve, ahora que estamos en el mejor momento de la temporada de esqu\u00ed, te hemos preparado un plan perfecto: \u00a1Pasar la fiesta de <a class=\"read-more\" href=\"https:\/\/www.estiber.com\/blog\/agenda-de-carnaval-en-grandvalira\/\">&#8230;<\/a><\/p>\n","protected":false},"author":1,"featured_media":5696,"comment_status":"open","ping_status":"open","sticky":false,"template":"","format":"standard","meta":{"footnotes":""},"categories":[2],"tags":[31,88,44],"class_list":{"0":"post-5686","1":"post","2":"type-post","3":"status-publish","4":"format-standard","5":"has-post-thumbnail","6":"hentry","7":"category-noticias","8":"tag-esqui-andorra","9":"tag-esqui","10":"tag-estacion-esqui-grandvalira","12":"with-featured-image"},"yoast_head":"<!-- This site is optimized with the Yoast SEO plugin v27.0 - https:\/\/yoast.com\/product\/yoast-seo-wordpress\/ -->\n<title>Agenda de Carnaval en Grandvalira , Andorra | Todos los detalles<\/title>\n<meta name=\"description\" content=\"Esta es toda la programaci\u00f3n que podr\u00e9is disfrutar en el Carnaval de Grandvalira que se celebra del 26 al 28 de febrero en la estaci\u00f3n de esqu\u00ed de Andorra.\" \/>\n<meta name=\"robots\" content=\"index, follow, max-snippet:-1, max-image-preview:large, max-video-preview:-1\" \/>\n<link rel=\"canonical\" href=\"https:\/\/www.estiber.com\/blog\/agenda-de-carnaval-en-grandvalira\/\" \/>\n<meta property=\"og:locale\" content=\"es_ES\" \/>\n<meta property=\"og:type\" content=\"article\" \/>\n<meta property=\"og:title\" content=\"Agenda de Carnaval en Grandvalira , Andorra | Todos los detalles\" \/>\n<meta property=\"og:description\" content=\"Esta es toda la programaci\u00f3n que podr\u00e9is disfrutar en el Carnaval de Grandvalira que se celebra del 26 al 28 de febrero en la estaci\u00f3n de esqu\u00ed de Andorra.\" \/>\n<meta property=\"og:url\" content=\"https:\/\/www.estiber.com\/blog\/agenda-de-carnaval-en-grandvalira\/\" \/>\n<meta property=\"og:site_name\" content=\"Blog Estiber\" \/>\n<meta property=\"article:publisher\" content=\"https:\/\/www.facebook.com\/estiberviajes\" \/>\n<meta property=\"article:published_time\" content=\"2022-02-18T11:09:51+00:00\" \/>\n<meta property=\"article:modified_time\" content=\"2022-06-14T11:55:53+00:00\" \/>\n<meta property=\"og:image\" content=\"https:\/\/www.estiber.com\/blog\/wp-content\/uploads\/2022\/02\/carnaval-grandvalira.jpg\" \/>\n\t<meta property=\"og:image:width\" content=\"862\" \/>\n\t<meta property=\"og:image:height\" content=\"460\" \/>\n\t<meta property=\"og:image:type\" content=\"image\/jpeg\" \/>\n<meta name=\"author\" content=\"Viajes Estiber\" \/>\n<meta name=\"twitter:card\" content=\"summary_large_image\" \/>\n<meta name=\"twitter:creator\" content=\"@estiberviajes\" \/>\n<meta name=\"twitter:site\" content=\"@estiberviajes\" \/>\n<meta name=\"twitter:label1\" content=\"Escrito por\" \/>\n\t<meta name=\"twitter:data1\" content=\"Viajes Estiber\" \/>\n\t<meta name=\"twitter:label2\" content=\"Tiempo de lectura\" \/>\n\t<meta name=\"twitter:data2\" content=\"7 minutos\" \/>\n<script type=\"application\/ld+json\" class=\"yoast-schema-graph\">{\"@context\":\"https:\/\/schema.org\",\"@graph\":[{\"@type\":\"Article\",\"@id\":\"https:\/\/www.estiber.com\/blog\/agenda-de-carnaval-en-grandvalira\/#article\",\"isPartOf\":{\"@id\":\"https:\/\/www.estiber.com\/blog\/agenda-de-carnaval-en-grandvalira\/\"},\"author\":{\"name\":\"Viajes Estiber\",\"@id\":\"https:\/\/www.estiber.com\/blog\/#\/schema\/person\/9b06974be0d71f639d2b3d7b67ef345a\"},\"headline\":\"Agenda de Carnaval en Grandvalira\",\"datePublished\":\"2022-02-18T11:09:51+00:00\",\"dateModified\":\"2022-06-14T11:55:53+00:00\",\"mainEntityOfPage\":{\"@id\":\"https:\/\/www.estiber.com\/blog\/agenda-de-carnaval-en-grandvalira\/\"},\"wordCount\":1317,\"commentCount\":0,\"publisher\":{\"@id\":\"https:\/\/www.estiber.com\/blog\/#organization\"},\"image\":{\"@id\":\"https:\/\/www.estiber.com\/blog\/agenda-de-carnaval-en-grandvalira\/#primaryimage\"},\"thumbnailUrl\":\"https:\/\/www.estiber.com\/blog\/wp-content\/uploads\/2022\/02\/carnaval-grandvalira.jpg\",\"keywords\":[\"Andorra\",\"Esqu\u00ed\",\"Grandvalira\"],\"articleSection\":[\"Noticias\"],\"inLanguage\":\"es\",\"potentialAction\":[{\"@type\":\"CommentAction\",\"name\":\"Comment\",\"target\":[\"https:\/\/www.estiber.com\/blog\/agenda-de-carnaval-en-grandvalira\/#respond\"]}]},{\"@type\":\"WebPage\",\"@id\":\"https:\/\/www.estiber.com\/blog\/agenda-de-carnaval-en-grandvalira\/\",\"url\":\"https:\/\/www.estiber.com\/blog\/agenda-de-carnaval-en-grandvalira\/\",\"name\":\"Agenda de Carnaval en Grandvalira , Andorra | Todos los detalles\",\"isPartOf\":{\"@id\":\"https:\/\/www.estiber.com\/blog\/#website\"},\"primaryImageOfPage\":{\"@id\":\"https:\/\/www.estiber.com\/blog\/agenda-de-carnaval-en-grandvalira\/#primaryimage\"},\"image\":{\"@id\":\"https:\/\/www.estiber.com\/blog\/agenda-de-carnaval-en-grandvalira\/#primaryimage\"},\"thumbnailUrl\":\"https:\/\/www.estiber.com\/blog\/wp-content\/uploads\/2022\/02\/carnaval-grandvalira.jpg\",\"datePublished\":\"2022-02-18T11:09:51+00:00\",\"dateModified\":\"2022-06-14T11:55:53+00:00\",\"description\":\"Esta es toda la programaci\u00f3n que podr\u00e9is disfrutar en el Carnaval de Grandvalira que se celebra del 26 al 28 de febrero en la estaci\u00f3n de esqu\u00ed de Andorra.\",\"breadcrumb\":{\"@id\":\"https:\/\/www.estiber.com\/blog\/agenda-de-carnaval-en-grandvalira\/#breadcrumb\"},\"inLanguage\":\"es\",\"potentialAction\":[{\"@type\":\"ReadAction\",\"target\":[\"https:\/\/www.estiber.com\/blog\/agenda-de-carnaval-en-grandvalira\/\"]}]},{\"@type\":\"ImageObject\",\"inLanguage\":\"es\",\"@id\":\"https:\/\/www.estiber.com\/blog\/agenda-de-carnaval-en-grandvalira\/#primaryimage\",\"url\":\"https:\/\/www.estiber.com\/blog\/wp-content\/uploads\/2022\/02\/carnaval-grandvalira.jpg\",\"contentUrl\":\"https:\/\/www.estiber.com\/blog\/wp-content\/uploads\/2022\/02\/carnaval-grandvalira.jpg\",\"width\":862,\"height\":460},{\"@type\":\"BreadcrumbList\",\"@id\":\"https:\/\/www.estiber.com\/blog\/agenda-de-carnaval-en-grandvalira\/#breadcrumb\",\"itemListElement\":[{\"@type\":\"ListItem\",\"position\":1,\"name\":\"Portada\",\"item\":\"https:\/\/www.estiber.com\/blog\/\"},{\"@type\":\"ListItem\",\"position\":2,\"name\":\"Agenda de Carnaval en Grandvalira\"}]},{\"@type\":\"WebSite\",\"@id\":\"https:\/\/www.estiber.com\/blog\/#website\",\"url\":\"https:\/\/www.estiber.com\/blog\/\",\"name\":\"Blog Estiber\",\"description\":\"\",\"publisher\":{\"@id\":\"https:\/\/www.estiber.com\/blog\/#organization\"},\"potentialAction\":[{\"@type\":\"SearchAction\",\"target\":{\"@type\":\"EntryPoint\",\"urlTemplate\":\"https:\/\/www.estiber.com\/blog\/?s={search_term_string}\"},\"query-input\":{\"@type\":\"PropertyValueSpecification\",\"valueRequired\":true,\"valueName\":\"search_term_string\"}}],\"inLanguage\":\"es\"},{\"@type\":\"Organization\",\"@id\":\"https:\/\/www.estiber.com\/blog\/#organization\",\"name\":\"Viajes Estiber\",\"url\":\"https:\/\/www.estiber.com\/blog\/\",\"logo\":{\"@type\":\"ImageObject\",\"inLanguage\":\"es\",\"@id\":\"https:\/\/www.estiber.com\/blog\/#\/schema\/logo\/image\/\",\"url\":\"https:\/\/www.estiber.com\/blog\/wp-content\/uploads\/2017\/05\/estiber-ofertas-esqui-2.jpg\",\"contentUrl\":\"https:\/\/www.estiber.com\/blog\/wp-content\/uploads\/2017\/05\/estiber-ofertas-esqui-2.jpg\",\"width\":800,\"height\":800,\"caption\":\"Viajes Estiber\"},\"image\":{\"@id\":\"https:\/\/www.estiber.com\/blog\/#\/schema\/logo\/image\/\"},\"sameAs\":[\"https:\/\/www.facebook.com\/estiberviajes\",\"https:\/\/x.com\/estiberviajes\",\"https:\/\/www.instagram.com\/estiberviajes\/\",\"https:\/\/www.pinterest.com\/estiberviajes\/\"]},{\"@type\":\"Person\",\"@id\":\"https:\/\/www.estiber.com\/blog\/#\/schema\/person\/9b06974be0d71f639d2b3d7b67ef345a\",\"name\":\"Viajes Estiber\",\"image\":{\"@type\":\"ImageObject\",\"inLanguage\":\"es\",\"@id\":\"https:\/\/www.estiber.com\/blog\/#\/schema\/person\/image\/\",\"url\":\"https:\/\/secure.gravatar.com\/avatar\/051495a22a5ce727b6909eb86316af3cfcc7b5e4dea54b863ed8d2281ec15d4a?s=96&d=mm&r=g\",\"contentUrl\":\"https:\/\/secure.gravatar.com\/avatar\/051495a22a5ce727b6909eb86316af3cfcc7b5e4dea54b863ed8d2281ec15d4a?s=96&d=mm&r=g\",\"caption\":\"Viajes Estiber\"},\"description\":\"Ofertas de esqu\u00ed en Andorra, Alpes, Pirineo y Sierra Nevada. Encuentra ofertas de ski hotel m\u00e1s forfait y viajes de esqu\u00ed al mejor precio.\",\"url\":\"https:\/\/www.estiber.com\/blog\/author\/estiber\/\"}]}<\/script>\n<!-- \/ Yoast SEO plugin. -->","yoast_head_json":{"title":"Agenda de Carnaval en Grandvalira , Andorra | Todos los detalles","description":"Esta es toda la programaci\u00f3n que podr\u00e9is disfrutar en el Carnaval de Grandvalira que se celebra del 26 al 28 de febrero en la estaci\u00f3n de esqu\u00ed de Andorra.","robots":{"index":"index","follow":"follow","max-snippet":"max-snippet:-1","max-image-preview":"max-image-preview:large","max-video-preview":"max-video-preview:-1"},"canonical":"https:\/\/www.estiber.com\/blog\/agenda-de-carnaval-en-grandvalira\/","og_locale":"es_ES","og_type":"article","og_title":"Agenda de Carnaval en Grandvalira , Andorra | Todos los detalles","og_description":"Esta es toda la programaci\u00f3n que podr\u00e9is disfrutar en el Carnaval de Grandvalira que se celebra del 26 al 28 de febrero en la estaci\u00f3n de esqu\u00ed de Andorra.","og_url":"https:\/\/www.estiber.com\/blog\/agenda-de-carnaval-en-grandvalira\/","og_site_name":"Blog Estiber","article_publisher":"https:\/\/www.facebook.com\/estiberviajes","article_published_time":"2022-02-18T11:09:51+00:00","article_modified_time":"2022-06-14T11:55:53+00:00","og_image":[{"width":862,"height":460,"url":"https:\/\/www.estiber.com\/blog\/wp-content\/uploads\/2022\/02\/carnaval-grandvalira.jpg","type":"image\/jpeg"}],"author":"Viajes Estiber","twitter_card":"summary_large_image","twitter_creator":"@estiberviajes","twitter_site":"@estiberviajes","twitter_misc":{"Escrito por":"Viajes Estiber","Tiempo de lectura":"7 minutos"},"schema":{"@context":"https:\/\/schema.org","@graph":[{"@type":"Article","@id":"https:\/\/www.estiber.com\/blog\/agenda-de-carnaval-en-grandvalira\/#article","isPartOf":{"@id":"https:\/\/www.estiber.com\/blog\/agenda-de-carnaval-en-grandvalira\/"},"author":{"name":"Viajes Estiber","@id":"https:\/\/www.estiber.com\/blog\/#\/schema\/person\/9b06974be0d71f639d2b3d7b67ef345a"},"headline":"Agenda de Carnaval en Grandvalira","datePublished":"2022-02-18T11:09:51+00:00","dateModified":"2022-06-14T11:55:53+00:00","mainEntityOfPage":{"@id":"https:\/\/www.estiber.com\/blog\/agenda-de-carnaval-en-grandvalira\/"},"wordCount":1317,"commentCount":0,"publisher":{"@id":"https:\/\/www.estiber.com\/blog\/#organization"},"image":{"@id":"https:\/\/www.estiber.com\/blog\/agenda-de-carnaval-en-grandvalira\/#primaryimage"},"thumbnailUrl":"https:\/\/www.estiber.com\/blog\/wp-content\/uploads\/2022\/02\/carnaval-grandvalira.jpg","keywords":["Andorra","Esqu\u00ed","Grandvalira"],"articleSection":["Noticias"],"inLanguage":"es","potentialAction":[{"@type":"CommentAction","name":"Comment","target":["https:\/\/www.estiber.com\/blog\/agenda-de-carnaval-en-grandvalira\/#respond"]}]},{"@type":"WebPage","@id":"https:\/\/www.estiber.com\/blog\/agenda-de-carnaval-en-grandvalira\/","url":"https:\/\/www.estiber.com\/blog\/agenda-de-carnaval-en-grandvalira\/","name":"Agenda de Carnaval en Grandvalira , Andorra | Todos los detalles","isPartOf":{"@id":"https:\/\/www.estiber.com\/blog\/#website"},"primaryImageOfPage":{"@id":"https:\/\/www.estiber.com\/blog\/agenda-de-carnaval-en-grandvalira\/#primaryimage"},"image":{"@id":"https:\/\/www.estiber.com\/blog\/agenda-de-carnaval-en-grandvalira\/#primaryimage"},"thumbnailUrl":"https:\/\/www.estiber.com\/blog\/wp-content\/uploads\/2022\/02\/carnaval-grandvalira.jpg","datePublished":"2022-02-18T11:09:51+00:00","dateModified":"2022-06-14T11:55:53+00:00","description":"Esta es toda la programaci\u00f3n que podr\u00e9is disfrutar en el Carnaval de Grandvalira que se celebra del 26 al 28 de febrero en la estaci\u00f3n de esqu\u00ed de Andorra.","breadcrumb":{"@id":"https:\/\/www.estiber.com\/blog\/agenda-de-carnaval-en-grandvalira\/#breadcrumb"},"inLanguage":"es","potentialAction":[{"@type":"ReadAction","target":["https:\/\/www.estiber.com\/blog\/agenda-de-carnaval-en-grandvalira\/"]}]},{"@type":"ImageObject","inLanguage":"es","@id":"https:\/\/www.estiber.com\/blog\/agenda-de-carnaval-en-grandvalira\/#primaryimage","url":"https:\/\/www.estiber.com\/blog\/wp-content\/uploads\/2022\/02\/carnaval-grandvalira.jpg","contentUrl":"https:\/\/www.estiber.com\/blog\/wp-content\/uploads\/2022\/02\/carnaval-grandvalira.jpg","width":862,"height":460},{"@type":"BreadcrumbList","@id":"https:\/\/www.estiber.com\/blog\/agenda-de-carnaval-en-grandvalira\/#breadcrumb","itemListElement":[{"@type":"ListItem","position":1,"name":"Portada","item":"https:\/\/www.estiber.com\/blog\/"},{"@type":"ListItem","position":2,"name":"Agenda de Carnaval en Grandvalira"}]},{"@type":"WebSite","@id":"https:\/\/www.estiber.com\/blog\/#website","url":"https:\/\/www.estiber.com\/blog\/","name":"Blog Estiber","description":"","publisher":{"@id":"https:\/\/www.estiber.com\/blog\/#organization"},"potentialAction":[{"@type":"SearchAction","target":{"@type":"EntryPoint","urlTemplate":"https:\/\/www.estiber.com\/blog\/?s={search_term_string}"},"query-input":{"@type":"PropertyValueSpecification","valueRequired":true,"valueName":"search_term_string"}}],"inLanguage":"es"},{"@type":"Organization","@id":"https:\/\/www.estiber.com\/blog\/#organization","name":"Viajes Estiber","url":"https:\/\/www.estiber.com\/blog\/","logo":{"@type":"ImageObject","inLanguage":"es","@id":"https:\/\/www.estiber.com\/blog\/#\/schema\/logo\/image\/","url":"https:\/\/www.estiber.com\/blog\/wp-content\/uploads\/2017\/05\/estiber-ofertas-esqui-2.jpg","contentUrl":"https:\/\/www.estiber.com\/blog\/wp-content\/uploads\/2017\/05\/estiber-ofertas-esqui-2.jpg","width":800,"height":800,"caption":"Viajes Estiber"},"image":{"@id":"https:\/\/www.estiber.com\/blog\/#\/schema\/logo\/image\/"},"sameAs":["https:\/\/www.facebook.com\/estiberviajes","https:\/\/x.com\/estiberviajes","https:\/\/www.instagram.com\/estiberviajes\/","https:\/\/www.pinterest.com\/estiberviajes\/"]},{"@type":"Person","@id":"https:\/\/www.estiber.com\/blog\/#\/schema\/person\/9b06974be0d71f639d2b3d7b67ef345a","name":"Viajes Estiber","image":{"@type":"ImageObject","inLanguage":"es","@id":"https:\/\/www.estiber.com\/blog\/#\/schema\/person\/image\/","url":"https:\/\/secure.gravatar.com\/avatar\/051495a22a5ce727b6909eb86316af3cfcc7b5e4dea54b863ed8d2281ec15d4a?s=96&d=mm&r=g","contentUrl":"https:\/\/secure.gravatar.com\/avatar\/051495a22a5ce727b6909eb86316af3cfcc7b5e4dea54b863ed8d2281ec15d4a?s=96&d=mm&r=g","caption":"Viajes Estiber"},"description":"Ofertas de esqu\u00ed en Andorra, Alpes, Pirineo y Sierra Nevada. Encuentra ofertas de ski hotel m\u00e1s forfait y viajes de esqu\u00ed al mejor precio.","url":"https:\/\/www.estiber.com\/blog\/author\/estiber\/"}]}},"_links":{"self":[{"href":"https:\/\/www.estiber.com\/blog\/wp-json\/wp\/v2\/posts\/5686","targetHints":{"allow":["GET"]}}],"collection":[{"href":"https:\/\/www.estiber.com\/blog\/wp-json\/wp\/v2\/posts"}],"about":[{"href":"https:\/\/www.estiber.com\/blog\/wp-json\/wp\/v2\/types\/post"}],"author":[{"embeddable":true,"href":"https:\/\/www.estiber.com\/blog\/wp-json\/wp\/v2\/users\/1"}],"replies":[{"embeddable":true,"href":"https:\/\/www.estiber.com\/blog\/wp-json\/wp\/v2\/comments?post=5686"}],"version-history":[{"count":4,"href":"https:\/\/www.estiber.com\/blog\/wp-json\/wp\/v2\/posts\/5686\/revisions"}],"predecessor-version":[{"id":5695,"href":"https:\/\/www.estiber.com\/blog\/wp-json\/wp\/v2\/posts\/5686\/revisions\/5695"}],"wp:featuredmedia":[{"embeddable":true,"href":"https:\/\/www.estiber.com\/blog\/wp-json\/wp\/v2\/media\/5696"}],"wp:attachment":[{"href":"https:\/\/www.estiber.com\/blog\/wp-json\/wp\/v2\/media?parent=5686"}],"wp:term":[{"taxonomy":"category","embeddable":true,"href":"https:\/\/www.estiber.com\/blog\/wp-json\/wp\/v2\/categories?post=5686"},{"taxonomy":"post_tag","embeddable":true,"href":"https:\/\/www.estiber.com\/blog\/wp-json\/wp\/v2\/tags?post=5686"}],"curies":[{"name":"wp","href":"https:\/\/api.w.org\/{rel}","templated":true}]}}