{"id":4865,"date":"2020-12-17T11:54:19","date_gmt":"2020-12-17T11:54:19","guid":{"rendered":"https:\/\/www.estiber.com\/blog\/?p=4865"},"modified":"2023-05-03T04:57:55","modified_gmt":"2023-05-03T04:57:55","slug":"grandvalira-espacio-seguro-covid","status":"publish","type":"post","link":"https:\/\/www.estiber.com\/blog\/grandvalira-espacio-seguro-covid\/","title":{"rendered":"Grandvalira, la primera estacio\u0301n de esqui\u0301 con doble certificacio\u0301n como espacio seguro"},"content":{"rendered":"<div class=\"page\" title=\"Page 1\">\n<div class=\"section\">\n<div class=\"layoutArea\">\n<div class=\"column\">\n<p><a href=\"https:\/\/www.estiber.com\/es_ES\/ofertas-esqui-grandvalira\"><strong>Grandvalira<\/strong><\/a>, ubicada en Andorra, es una de las<strong> estaciones de esqui\u0301 ma\u0301s elegidas<\/strong>, an\u0303o tras an\u0303o, por los aficionados a este deporte invernal. Como todos los espacios pu\u0301blicos, ha tenido que tomar ciertas medidas para poder abrir sus puertas, el pro\u0301ximo 3 de enero, manteniendo la seguridad de todos sus visitantes. Y tanto es asi\u0301, que ha conseguido dos certificados que definen Grandvalira como un espacio seguro contra el Covid-19, convirtiendo esta estacio\u0301n de esqui\u0301 en una de las mejores opciones para practicar este deporte durante esta temporada.<\/p>\n<h2>\u00bfCua\u0301les son los certificados que ha obtenido Grandvalira?<\/h2>\n<p>Se trata de la primera estacio\u0301n de esqui\u0301 que ha conseguido esta doble certificacio\u0301n, aunque no es la primera que ha adquirido alguno de ellos.<\/p>\n<p>Otro complejo de esqui\u0301 del principado, <a href=\"https:\/\/www.estiber.com\/es_ES\/ofertas-esqui-ordino-arcalis\">Ordino Arcali\u0301s<\/a>, dispone del certificado \u200b<strong>Global Safe Site de Bureau Veritas<\/strong> desde que comenzo\u0301 a preparar la temporada de actividades de verano y, una vez renovada, sigue vigente para estos meses de invierno.<\/p>\n<p>El \u200b<strong>Global Safe Site<\/strong> verifica que se han establecido de forma correcta todas aquellas medidas que han sido fijadas, de forma oficial, a modo de <strong>prevencio\u0301n frente al Covid-19<\/strong>, tanto aquellos protocolos asociados a las personas y trabajadores, como a las instalaciones de la estacio\u0301n y a los procesos. El objetivo principal de este ana\u0301lisis, llevado a cabo por un auditor en el propio complejo de Grandvalira, es garantizar la seguridad de todos, controlando el aforo del emplazamiento, asi\u0301 como la perfecta aclimatacio\u0301n de todas las instalaciones.<\/p>\n<p>El segundo certificado que ha conseguido esta estacio\u0301n andorrana es el<strong> \u200bBiological Risk Control d\u200b e OCA Global<\/strong>, gracias al cual se confirma que <strong>se siguen todos los protocolos<\/strong> de seguridad para controlar la posible transmisio\u0301n de cualquier tipo de enfermedad causada por agentes biolo\u0301gicos, sobre todo el Covid-19.<\/p>\n<p>Esta certificacio\u0301n ha sido concedida ya que Grandvalira ha sido capaz de demostrar que se han analizado al ma\u0301ximo los posibles riesgos biolo\u0301gicos y que se han tomado todas las medidas necesarias para evitar la propagacio\u0301n de los mismos.<\/p>\n<p>Todas estas medidas, sumadas a las que veremos a continuacio\u0301n, verifican que Grandvalira es un espacio seguro frente al Covid-19 y que la estacio\u0301n esta\u0301 totalmente preparada para abrir sus puertas al pu\u0301blico en la fecha prevista, el pro\u0301ximo 3 de enero de 2021.<br \/>\nAdema\u0301s, una vez abierta, se llevara\u0301 a cabo una segunda inspeccio\u0301n para verificar que todos los protocolos se continu\u0301an llevando a cabo en momentos de ma\u0301xima afluencia.<\/p>\n<h2>Otras medidas que hacen de Grandvalira una de las mejores opciones para este invierno<\/h2>\n<p>Adema\u0301s de los protocolos comunes a todas las estaciones de esqui\u0301, fijadas por la Asociacio\u0301n Turi\u0301stica de Estaciones de Esqui\u0301 de Montan\u0303a (ATUDEM) y la Asociacio\u0301n Catalana de Estaciones de Esqui\u0301 y Actividades de Montan\u0303a (ACEM), las cuales os mostraremos a continuacio\u0301n, tanto Grandvalira, como la estacio\u0301n de esqui\u0301 Ordino Arcali\u0301s, han decidido lanzar el <strong>Forfait Plus +<\/strong>, que ofrece, a los esquiadores, la posibilidad de contratar los servicios que deseen disfrutar de forma online y evitar asi\u0301 el contacto con otras personas ya que, de este modo, pueden pasar directamente a las pistas.<\/p>\n<p>Las personas que decidan realizar la contratacio\u0301n de actividades de este modo, solo debera\u0301n pasar un di\u0301a por taquillas para recoger sus tarjetas.<\/p>\n<\/div>\n<\/div>\n<\/div>\n<\/div>\n<div class=\"page\" title=\"Page 2\">\n<div class=\"section\">\n<div class=\"layoutArea\">\n<div class=\"column\">\n<p>Adema\u0301s, como os comenta\u0301bamos, os recordamos las diferentes medidas que han fijado las asociaciones ATUDEM y ACEM, con el fin de garantizar la seguridad de todos los visitantes a las diferentes estaciones de esqui\u0301.<br \/>\nPara empezar, es necesario mantener la <strong>distancia social<\/strong> entre los esquiadores, adema\u0301s del <strong>uso obligatorio de la mascarilla<\/strong>.<\/p>\n<p>Se llevara\u0301 a cabo una <strong>desinfeccio\u0301n y limpieza constantes<\/strong>, segu\u0301n fija la ley para cada a\u0301mbito, sobre todo en aquellas zonas de alto contacto.<br \/>\nRespecto a los remontes, a pesar de que la distancia de seguridad suele estar garantizada debido al taman\u0303o de los esqui\u0301s y las tablas, los trabajadores deben garantizar que esta medida se cumple y asegurar que el tra\u0301fico de gente es constante, con el fin de <strong>evitar aglomeraciones<\/strong>. Adema\u0301s, el uso de la mascarilla es tambie\u0301n obligatorio en remontes con vehi\u0301culos abiertos.<\/p>\n<p>Como has podido comprobar, la estacio\u0301n de esqui\u0301 de Grandvalira esta\u0301 preparada para afrontar estos complicados momentos y llevar a cabo todas las medidas preventivas sin problema alguno.<br \/>\nDe este modo, podemos seguir llevando a cabo actividades a las que esta\u0301bamos acostumbrados, minimizando el riesgo y teniendo la tranquilidad de que el espacio donde llevemos a cabo nuestro deporte favorito, cumple todos los protocolos.<\/p>\n<p>M\u00e1s informaci\u00f3n sobre las medidas COVID en Grandvalira <a href=\"https:\/\/www.grandvalira.com\/medidas-de-prevencion-contra-la-covid-19\">aqu\u00ed<\/a>.<\/p>\n<\/div>\n<\/div>\n<\/div>\n<\/div>\n","protected":false},"excerpt":{"rendered":"<p>Grandvalira, ubicada en Andorra, es una de las estaciones de esqui\u0301 ma\u0301s elegidas, an\u0303o tras an\u0303o, por los aficionados a este deporte invernal. Como todos los espacios pu\u0301blicos, ha tenido que tomar ciertas medidas para poder abrir sus puertas, el pro\u0301ximo 3 de enero, manteniendo la seguridad de todos sus visitantes. Y tanto es asi\u0301, <a class=\"read-more\" href=\"https:\/\/www.estiber.com\/blog\/grandvalira-espacio-seguro-covid\/\">&#8230;<\/a><\/p>\n","protected":false},"author":1,"featured_media":4870,"comment_status":"open","ping_status":"open","sticky":false,"template":"","format":"standard","meta":{"footnotes":""},"categories":[2],"tags":[31,88,44,90],"class_list":{"0":"post-4865","1":"post","2":"type-post","3":"status-publish","4":"format-standard","5":"has-post-thumbnail","6":"hentry","7":"category-noticias","8":"tag-esqui-andorra","9":"tag-esqui","10":"tag-estacion-esqui-grandvalira","11":"tag-estacion-esqui-ordino-arcalis","13":"with-featured-image"},"yoast_head":"<!-- This site is optimized with the Yoast SEO plugin v27.0 - https:\/\/yoast.com\/product\/yoast-seo-wordpress\/ -->\n<title>Grandvalira, la primera estacio\u0301n de esqui\u0301 con doble certificacio\u0301n como espacio seguro | Blog Estiber<\/title>\n<meta name=\"description\" content=\"Grandvalira es una estaci\u00f3n segura para esquiar esta teporada 2020-2021 y as\u00ed lo certifica la acreditaci\u00f3n de espacio seguro COVID recibida por la estaci\u00f3n de esqu\u00ed.\" \/>\n<meta name=\"robots\" content=\"index, follow, max-snippet:-1, max-image-preview:large, max-video-preview:-1\" \/>\n<link rel=\"canonical\" href=\"https:\/\/www.estiber.com\/blog\/grandvalira-espacio-seguro-covid\/\" \/>\n<meta property=\"og:locale\" content=\"es_ES\" \/>\n<meta property=\"og:type\" content=\"article\" \/>\n<meta property=\"og:title\" content=\"Grandvalira, la primera estacio\u0301n de esqui\u0301 con doble certificacio\u0301n como espacio seguro | Blog Estiber\" \/>\n<meta property=\"og:description\" content=\"Grandvalira es una estaci\u00f3n segura para esquiar esta teporada 2020-2021 y as\u00ed lo certifica la acreditaci\u00f3n de espacio seguro COVID recibida por la estaci\u00f3n de esqu\u00ed.\" \/>\n<meta property=\"og:url\" content=\"https:\/\/www.estiber.com\/blog\/grandvalira-espacio-seguro-covid\/\" \/>\n<meta property=\"og:site_name\" content=\"Blog Estiber\" \/>\n<meta property=\"article:publisher\" content=\"https:\/\/www.facebook.com\/estiberviajes\" \/>\n<meta property=\"article:published_time\" content=\"2020-12-17T11:54:19+00:00\" \/>\n<meta property=\"article:modified_time\" content=\"2023-05-03T04:57:55+00:00\" \/>\n<meta property=\"og:image\" content=\"https:\/\/www.estiber.com\/blog\/wp-content\/uploads\/2020\/12\/Grandvalira-1.jpg\" \/>\n\t<meta property=\"og:image:width\" content=\"628\" \/>\n\t<meta property=\"og:image:height\" content=\"504\" \/>\n\t<meta property=\"og:image:type\" content=\"image\/jpeg\" \/>\n<meta name=\"author\" content=\"Viajes Estiber\" \/>\n<meta name=\"twitter:card\" content=\"summary_large_image\" \/>\n<meta name=\"twitter:creator\" content=\"@estiberviajes\" \/>\n<meta name=\"twitter:site\" content=\"@estiberviajes\" \/>\n<meta name=\"twitter:label1\" content=\"Escrito por\" \/>\n\t<meta name=\"twitter:data1\" content=\"Viajes Estiber\" \/>\n\t<meta name=\"twitter:label2\" content=\"Tiempo de lectura\" \/>\n\t<meta name=\"twitter:data2\" content=\"4 minutos\" \/>\n<script type=\"application\/ld+json\" class=\"yoast-schema-graph\">{\"@context\":\"https:\/\/schema.org\",\"@graph\":[{\"@type\":\"Article\",\"@id\":\"https:\/\/www.estiber.com\/blog\/grandvalira-espacio-seguro-covid\/#article\",\"isPartOf\":{\"@id\":\"https:\/\/www.estiber.com\/blog\/grandvalira-espacio-seguro-covid\/\"},\"author\":{\"name\":\"Viajes Estiber\",\"@id\":\"https:\/\/www.estiber.com\/blog\/#\/schema\/person\/9b06974be0d71f639d2b3d7b67ef345a\"},\"headline\":\"Grandvalira, la primera estacio\u0301n de esqui\u0301 con doble certificacio\u0301n como espacio seguro\",\"datePublished\":\"2020-12-17T11:54:19+00:00\",\"dateModified\":\"2023-05-03T04:57:55+00:00\",\"mainEntityOfPage\":{\"@id\":\"https:\/\/www.estiber.com\/blog\/grandvalira-espacio-seguro-covid\/\"},\"wordCount\":815,\"commentCount\":0,\"publisher\":{\"@id\":\"https:\/\/www.estiber.com\/blog\/#organization\"},\"image\":{\"@id\":\"https:\/\/www.estiber.com\/blog\/grandvalira-espacio-seguro-covid\/#primaryimage\"},\"thumbnailUrl\":\"https:\/\/www.estiber.com\/blog\/wp-content\/uploads\/2020\/12\/Grandvalira-1.jpg\",\"keywords\":[\"Andorra\",\"Esqu\u00ed\",\"Grandvalira\",\"Ordino - Arcalis\"],\"articleSection\":[\"Noticias\"],\"inLanguage\":\"es\",\"potentialAction\":[{\"@type\":\"CommentAction\",\"name\":\"Comment\",\"target\":[\"https:\/\/www.estiber.com\/blog\/grandvalira-espacio-seguro-covid\/#respond\"]}]},{\"@type\":\"WebPage\",\"@id\":\"https:\/\/www.estiber.com\/blog\/grandvalira-espacio-seguro-covid\/\",\"url\":\"https:\/\/www.estiber.com\/blog\/grandvalira-espacio-seguro-covid\/\",\"name\":\"Grandvalira, la primera estacio\u0301n de esqui\u0301 con doble certificacio\u0301n como espacio seguro | Blog Estiber\",\"isPartOf\":{\"@id\":\"https:\/\/www.estiber.com\/blog\/#website\"},\"primaryImageOfPage\":{\"@id\":\"https:\/\/www.estiber.com\/blog\/grandvalira-espacio-seguro-covid\/#primaryimage\"},\"image\":{\"@id\":\"https:\/\/www.estiber.com\/blog\/grandvalira-espacio-seguro-covid\/#primaryimage\"},\"thumbnailUrl\":\"https:\/\/www.estiber.com\/blog\/wp-content\/uploads\/2020\/12\/Grandvalira-1.jpg\",\"datePublished\":\"2020-12-17T11:54:19+00:00\",\"dateModified\":\"2023-05-03T04:57:55+00:00\",\"description\":\"Grandvalira es una estaci\u00f3n segura para esquiar esta teporada 2020-2021 y as\u00ed lo certifica la acreditaci\u00f3n de espacio seguro COVID recibida por la estaci\u00f3n de esqu\u00ed.\",\"breadcrumb\":{\"@id\":\"https:\/\/www.estiber.com\/blog\/grandvalira-espacio-seguro-covid\/#breadcrumb\"},\"inLanguage\":\"es\",\"potentialAction\":[{\"@type\":\"ReadAction\",\"target\":[\"https:\/\/www.estiber.com\/blog\/grandvalira-espacio-seguro-covid\/\"]}]},{\"@type\":\"ImageObject\",\"inLanguage\":\"es\",\"@id\":\"https:\/\/www.estiber.com\/blog\/grandvalira-espacio-seguro-covid\/#primaryimage\",\"url\":\"https:\/\/www.estiber.com\/blog\/wp-content\/uploads\/2020\/12\/Grandvalira-1.jpg\",\"contentUrl\":\"https:\/\/www.estiber.com\/blog\/wp-content\/uploads\/2020\/12\/Grandvalira-1.jpg\",\"width\":628,\"height\":504,\"caption\":\"Grandvalira\"},{\"@type\":\"BreadcrumbList\",\"@id\":\"https:\/\/www.estiber.com\/blog\/grandvalira-espacio-seguro-covid\/#breadcrumb\",\"itemListElement\":[{\"@type\":\"ListItem\",\"position\":1,\"name\":\"Portada\",\"item\":\"https:\/\/www.estiber.com\/blog\/\"},{\"@type\":\"ListItem\",\"position\":2,\"name\":\"Grandvalira, la primera estacio\u0301n de esqui\u0301 con doble certificacio\u0301n como espacio seguro\"}]},{\"@type\":\"WebSite\",\"@id\":\"https:\/\/www.estiber.com\/blog\/#website\",\"url\":\"https:\/\/www.estiber.com\/blog\/\",\"name\":\"Blog Estiber\",\"description\":\"\",\"publisher\":{\"@id\":\"https:\/\/www.estiber.com\/blog\/#organization\"},\"potentialAction\":[{\"@type\":\"SearchAction\",\"target\":{\"@type\":\"EntryPoint\",\"urlTemplate\":\"https:\/\/www.estiber.com\/blog\/?s={search_term_string}\"},\"query-input\":{\"@type\":\"PropertyValueSpecification\",\"valueRequired\":true,\"valueName\":\"search_term_string\"}}],\"inLanguage\":\"es\"},{\"@type\":\"Organization\",\"@id\":\"https:\/\/www.estiber.com\/blog\/#organization\",\"name\":\"Viajes Estiber\",\"url\":\"https:\/\/www.estiber.com\/blog\/\",\"logo\":{\"@type\":\"ImageObject\",\"inLanguage\":\"es\",\"@id\":\"https:\/\/www.estiber.com\/blog\/#\/schema\/logo\/image\/\",\"url\":\"https:\/\/www.estiber.com\/blog\/wp-content\/uploads\/2017\/05\/estiber-ofertas-esqui-2.jpg\",\"contentUrl\":\"https:\/\/www.estiber.com\/blog\/wp-content\/uploads\/2017\/05\/estiber-ofertas-esqui-2.jpg\",\"width\":800,\"height\":800,\"caption\":\"Viajes Estiber\"},\"image\":{\"@id\":\"https:\/\/www.estiber.com\/blog\/#\/schema\/logo\/image\/\"},\"sameAs\":[\"https:\/\/www.facebook.com\/estiberviajes\",\"https:\/\/x.com\/estiberviajes\",\"https:\/\/www.instagram.com\/estiberviajes\/\",\"https:\/\/www.pinterest.com\/estiberviajes\/\"]},{\"@type\":\"Person\",\"@id\":\"https:\/\/www.estiber.com\/blog\/#\/schema\/person\/9b06974be0d71f639d2b3d7b67ef345a\",\"name\":\"Viajes Estiber\",\"image\":{\"@type\":\"ImageObject\",\"inLanguage\":\"es\",\"@id\":\"https:\/\/www.estiber.com\/blog\/#\/schema\/person\/image\/\",\"url\":\"https:\/\/secure.gravatar.com\/avatar\/051495a22a5ce727b6909eb86316af3cfcc7b5e4dea54b863ed8d2281ec15d4a?s=96&d=mm&r=g\",\"contentUrl\":\"https:\/\/secure.gravatar.com\/avatar\/051495a22a5ce727b6909eb86316af3cfcc7b5e4dea54b863ed8d2281ec15d4a?s=96&d=mm&r=g\",\"caption\":\"Viajes Estiber\"},\"description\":\"Ofertas de esqu\u00ed en Andorra, Alpes, Pirineo y Sierra Nevada. Encuentra ofertas de ski hotel m\u00e1s forfait y viajes de esqu\u00ed al mejor precio.\",\"url\":\"https:\/\/www.estiber.com\/blog\/author\/estiber\/\"}]}<\/script>\n<!-- \/ Yoast SEO plugin. -->","yoast_head_json":{"title":"Grandvalira, la primera estacio\u0301n de esqui\u0301 con doble certificacio\u0301n como espacio seguro | Blog Estiber","description":"Grandvalira es una estaci\u00f3n segura para esquiar esta teporada 2020-2021 y as\u00ed lo certifica la acreditaci\u00f3n de espacio seguro COVID recibida por la estaci\u00f3n de esqu\u00ed.","robots":{"index":"index","follow":"follow","max-snippet":"max-snippet:-1","max-image-preview":"max-image-preview:large","max-video-preview":"max-video-preview:-1"},"canonical":"https:\/\/www.estiber.com\/blog\/grandvalira-espacio-seguro-covid\/","og_locale":"es_ES","og_type":"article","og_title":"Grandvalira, la primera estacio\u0301n de esqui\u0301 con doble certificacio\u0301n como espacio seguro | Blog Estiber","og_description":"Grandvalira es una estaci\u00f3n segura para esquiar esta teporada 2020-2021 y as\u00ed lo certifica la acreditaci\u00f3n de espacio seguro COVID recibida por la estaci\u00f3n de esqu\u00ed.","og_url":"https:\/\/www.estiber.com\/blog\/grandvalira-espacio-seguro-covid\/","og_site_name":"Blog Estiber","article_publisher":"https:\/\/www.facebook.com\/estiberviajes","article_published_time":"2020-12-17T11:54:19+00:00","article_modified_time":"2023-05-03T04:57:55+00:00","og_image":[{"width":628,"height":504,"url":"https:\/\/www.estiber.com\/blog\/wp-content\/uploads\/2020\/12\/Grandvalira-1.jpg","type":"image\/jpeg"}],"author":"Viajes Estiber","twitter_card":"summary_large_image","twitter_creator":"@estiberviajes","twitter_site":"@estiberviajes","twitter_misc":{"Escrito por":"Viajes Estiber","Tiempo de lectura":"4 minutos"},"schema":{"@context":"https:\/\/schema.org","@graph":[{"@type":"Article","@id":"https:\/\/www.estiber.com\/blog\/grandvalira-espacio-seguro-covid\/#article","isPartOf":{"@id":"https:\/\/www.estiber.com\/blog\/grandvalira-espacio-seguro-covid\/"},"author":{"name":"Viajes Estiber","@id":"https:\/\/www.estiber.com\/blog\/#\/schema\/person\/9b06974be0d71f639d2b3d7b67ef345a"},"headline":"Grandvalira, la primera estacio\u0301n de esqui\u0301 con doble certificacio\u0301n como espacio seguro","datePublished":"2020-12-17T11:54:19+00:00","dateModified":"2023-05-03T04:57:55+00:00","mainEntityOfPage":{"@id":"https:\/\/www.estiber.com\/blog\/grandvalira-espacio-seguro-covid\/"},"wordCount":815,"commentCount":0,"publisher":{"@id":"https:\/\/www.estiber.com\/blog\/#organization"},"image":{"@id":"https:\/\/www.estiber.com\/blog\/grandvalira-espacio-seguro-covid\/#primaryimage"},"thumbnailUrl":"https:\/\/www.estiber.com\/blog\/wp-content\/uploads\/2020\/12\/Grandvalira-1.jpg","keywords":["Andorra","Esqu\u00ed","Grandvalira","Ordino - Arcalis"],"articleSection":["Noticias"],"inLanguage":"es","potentialAction":[{"@type":"CommentAction","name":"Comment","target":["https:\/\/www.estiber.com\/blog\/grandvalira-espacio-seguro-covid\/#respond"]}]},{"@type":"WebPage","@id":"https:\/\/www.estiber.com\/blog\/grandvalira-espacio-seguro-covid\/","url":"https:\/\/www.estiber.com\/blog\/grandvalira-espacio-seguro-covid\/","name":"Grandvalira, la primera estacio\u0301n de esqui\u0301 con doble certificacio\u0301n como espacio seguro | Blog Estiber","isPartOf":{"@id":"https:\/\/www.estiber.com\/blog\/#website"},"primaryImageOfPage":{"@id":"https:\/\/www.estiber.com\/blog\/grandvalira-espacio-seguro-covid\/#primaryimage"},"image":{"@id":"https:\/\/www.estiber.com\/blog\/grandvalira-espacio-seguro-covid\/#primaryimage"},"thumbnailUrl":"https:\/\/www.estiber.com\/blog\/wp-content\/uploads\/2020\/12\/Grandvalira-1.jpg","datePublished":"2020-12-17T11:54:19+00:00","dateModified":"2023-05-03T04:57:55+00:00","description":"Grandvalira es una estaci\u00f3n segura para esquiar esta teporada 2020-2021 y as\u00ed lo certifica la acreditaci\u00f3n de espacio seguro COVID recibida por la estaci\u00f3n de esqu\u00ed.","breadcrumb":{"@id":"https:\/\/www.estiber.com\/blog\/grandvalira-espacio-seguro-covid\/#breadcrumb"},"inLanguage":"es","potentialAction":[{"@type":"ReadAction","target":["https:\/\/www.estiber.com\/blog\/grandvalira-espacio-seguro-covid\/"]}]},{"@type":"ImageObject","inLanguage":"es","@id":"https:\/\/www.estiber.com\/blog\/grandvalira-espacio-seguro-covid\/#primaryimage","url":"https:\/\/www.estiber.com\/blog\/wp-content\/uploads\/2020\/12\/Grandvalira-1.jpg","contentUrl":"https:\/\/www.estiber.com\/blog\/wp-content\/uploads\/2020\/12\/Grandvalira-1.jpg","width":628,"height":504,"caption":"Grandvalira"},{"@type":"BreadcrumbList","@id":"https:\/\/www.estiber.com\/blog\/grandvalira-espacio-seguro-covid\/#breadcrumb","itemListElement":[{"@type":"ListItem","position":1,"name":"Portada","item":"https:\/\/www.estiber.com\/blog\/"},{"@type":"ListItem","position":2,"name":"Grandvalira, la primera estacio\u0301n de esqui\u0301 con doble certificacio\u0301n como espacio seguro"}]},{"@type":"WebSite","@id":"https:\/\/www.estiber.com\/blog\/#website","url":"https:\/\/www.estiber.com\/blog\/","name":"Blog Estiber","description":"","publisher":{"@id":"https:\/\/www.estiber.com\/blog\/#organization"},"potentialAction":[{"@type":"SearchAction","target":{"@type":"EntryPoint","urlTemplate":"https:\/\/www.estiber.com\/blog\/?s={search_term_string}"},"query-input":{"@type":"PropertyValueSpecification","valueRequired":true,"valueName":"search_term_string"}}],"inLanguage":"es"},{"@type":"Organization","@id":"https:\/\/www.estiber.com\/blog\/#organization","name":"Viajes Estiber","url":"https:\/\/www.estiber.com\/blog\/","logo":{"@type":"ImageObject","inLanguage":"es","@id":"https:\/\/www.estiber.com\/blog\/#\/schema\/logo\/image\/","url":"https:\/\/www.estiber.com\/blog\/wp-content\/uploads\/2017\/05\/estiber-ofertas-esqui-2.jpg","contentUrl":"https:\/\/www.estiber.com\/blog\/wp-content\/uploads\/2017\/05\/estiber-ofertas-esqui-2.jpg","width":800,"height":800,"caption":"Viajes Estiber"},"image":{"@id":"https:\/\/www.estiber.com\/blog\/#\/schema\/logo\/image\/"},"sameAs":["https:\/\/www.facebook.com\/estiberviajes","https:\/\/x.com\/estiberviajes","https:\/\/www.instagram.com\/estiberviajes\/","https:\/\/www.pinterest.com\/estiberviajes\/"]},{"@type":"Person","@id":"https:\/\/www.estiber.com\/blog\/#\/schema\/person\/9b06974be0d71f639d2b3d7b67ef345a","name":"Viajes Estiber","image":{"@type":"ImageObject","inLanguage":"es","@id":"https:\/\/www.estiber.com\/blog\/#\/schema\/person\/image\/","url":"https:\/\/secure.gravatar.com\/avatar\/051495a22a5ce727b6909eb86316af3cfcc7b5e4dea54b863ed8d2281ec15d4a?s=96&d=mm&r=g","contentUrl":"https:\/\/secure.gravatar.com\/avatar\/051495a22a5ce727b6909eb86316af3cfcc7b5e4dea54b863ed8d2281ec15d4a?s=96&d=mm&r=g","caption":"Viajes Estiber"},"description":"Ofertas de esqu\u00ed en Andorra, Alpes, Pirineo y Sierra Nevada. Encuentra ofertas de ski hotel m\u00e1s forfait y viajes de esqu\u00ed al mejor precio.","url":"https:\/\/www.estiber.com\/blog\/author\/estiber\/"}]}},"_links":{"self":[{"href":"https:\/\/www.estiber.com\/blog\/wp-json\/wp\/v2\/posts\/4865","targetHints":{"allow":["GET"]}}],"collection":[{"href":"https:\/\/www.estiber.com\/blog\/wp-json\/wp\/v2\/posts"}],"about":[{"href":"https:\/\/www.estiber.com\/blog\/wp-json\/wp\/v2\/types\/post"}],"author":[{"embeddable":true,"href":"https:\/\/www.estiber.com\/blog\/wp-json\/wp\/v2\/users\/1"}],"replies":[{"embeddable":true,"href":"https:\/\/www.estiber.com\/blog\/wp-json\/wp\/v2\/comments?post=4865"}],"version-history":[{"count":3,"href":"https:\/\/www.estiber.com\/blog\/wp-json\/wp\/v2\/posts\/4865\/revisions"}],"predecessor-version":[{"id":4868,"href":"https:\/\/www.estiber.com\/blog\/wp-json\/wp\/v2\/posts\/4865\/revisions\/4868"}],"wp:featuredmedia":[{"embeddable":true,"href":"https:\/\/www.estiber.com\/blog\/wp-json\/wp\/v2\/media\/4870"}],"wp:attachment":[{"href":"https:\/\/www.estiber.com\/blog\/wp-json\/wp\/v2\/media?parent=4865"}],"wp:term":[{"taxonomy":"category","embeddable":true,"href":"https:\/\/www.estiber.com\/blog\/wp-json\/wp\/v2\/categories?post=4865"},{"taxonomy":"post_tag","embeddable":true,"href":"https:\/\/www.estiber.com\/blog\/wp-json\/wp\/v2\/tags?post=4865"}],"curies":[{"name":"wp","href":"https:\/\/api.w.org\/{rel}","templated":true}]}}