{"id":2946,"date":"2018-03-28T08:33:48","date_gmt":"2018-03-28T08:33:48","guid":{"rendered":"https:\/\/www.estiber.com\/blog\/?p=2946"},"modified":"2025-07-15T08:50:54","modified_gmt":"2025-07-15T06:50:54","slug":"cierre-estaciones-esqui-fin-temporada-2017-2018","status":"publish","type":"post","link":"https:\/\/www.estiber.com\/blog\/cierre-estaciones-esqui-fin-temporada-2017-2018\/","title":{"rendered":"Fin temporada esqu\u00ed 2017\/2018 &#8211; Fechas de cierre de las estaciones"},"content":{"rendered":"<p>Con la primavera reci\u00e9n empezada, son muchas la<strong>s estaciones de esqu\u00ed que empiezan a colgar el cartel de \u201ccerrado\u201d<\/strong> hasta la temporada que viene. Por esta raz\u00f3n, si sois amantes de los deportes de invierno en general, os aconsejamos que aprovech\u00e9is estas \u00faltimas semanas de marzo para deslizarlos por cualquier pendiente nevada, mientras que al mismo tiempo os tom\u00e1is unas merecidas vacaciones de semana santa.<\/p>\n<p>Pero antes de nada, hay que asegurarse de que <strong>l<\/strong>a estaci\u00f3n de esqu\u00ed a la que queremos acudir se encuentra disponible. \u00bfAnd\u00e1is un poco perdidos en este tema y por lo tanto no quer\u00e9is organizar un viaje en balde? De ser as\u00ed, solo os podemos decir que acab\u00e1is de llegar al lugar indicado. Y es que a trav\u00e9s de las siguientes l\u00edneas vamos a hacer un<strong> resumen de las fechas de cierre de las principales estaciones de esqu\u00ed.<\/strong><\/p>\n<h3>\u00bfCu\u00e1ndo acaba la temporada de esqu\u00ed 2017-2018?<\/h3>\n<ul>\n<li><strong>Sierra Nevada y Pirineo catal\u00e1n<\/strong><\/li>\n<\/ul>\n<p>El fin de la temporada de esqu\u00ed para este 2018 puede variar significativamente seg\u00fan nuestro lugar de preferencia. Si solemos elegir el sur de Espa\u00f1a, la estaci\u00f3n de<strong> Sierra Nevada <\/strong>est\u00e1 disponible para su uso y disfrute hasta<strong> el pr\u00f3ximo 6 de mayo<\/strong>. Por su parte, dentro del pirineo catal\u00e1n, las estaciones de <strong>Baqueira Beret <\/strong>y<strong> Bo\u00ed Ta\u00fcll<\/strong> tiene abiertas sus pistas hasta el <strong>8 de abril<\/strong>, mientras que La<strong> Molina y Vall de Nuria <\/strong>estar\u00e1n disponibles hasta<strong> el d\u00eda 2 <\/strong>de ese mismo mes.<\/p>\n<p><img loading=\"lazy\" decoding=\"async\" class=\"aligncenter wp-image-2948 size-large\" src=\"https:\/\/www.estiber.com\/blog\/wp-content\/uploads\/2018\/03\/fintemporadaesqui-1024x682.jpeg\" alt=\"Fin temporada Esqu\u00ed\" width=\"925\" height=\"616\" srcset=\"https:\/\/www.estiber.com\/blog\/wp-content\/uploads\/2018\/03\/fintemporadaesqui-1024x682.jpeg 1024w, https:\/\/www.estiber.com\/blog\/wp-content\/uploads\/2018\/03\/fintemporadaesqui-300x200.jpeg 300w, https:\/\/www.estiber.com\/blog\/wp-content\/uploads\/2018\/03\/fintemporadaesqui-768x512.jpeg 768w, https:\/\/www.estiber.com\/blog\/wp-content\/uploads\/2018\/03\/fintemporadaesqui-1100x733.jpeg 1100w, https:\/\/www.estiber.com\/blog\/wp-content\/uploads\/2018\/03\/fintemporadaesqui-375x250.jpeg 375w, https:\/\/www.estiber.com\/blog\/wp-content\/uploads\/2018\/03\/fintemporadaesqui-800x533.jpeg 800w, https:\/\/www.estiber.com\/blog\/wp-content\/uploads\/2018\/03\/fintemporadaesqui-600x400.jpeg 600w, https:\/\/www.estiber.com\/blog\/wp-content\/uploads\/2018\/03\/fintemporadaesqui.jpeg 1280w\" sizes=\"auto, (max-width: 925px) 100vw, 925px\" \/><\/p>\n<ul>\n<li><strong>Pirineo aragon\u00e9s y Cant\u00e1brico<\/strong><\/li>\n<\/ul>\n<p>Dentro del pirineo Aragon\u00e9s, nos encontramos con <strong>Formigal, Ast\u00fan <\/strong>y <strong>Candanch\u00fa<\/strong>, unas de las estaciones de esqu\u00ed m\u00e1s relevantes de la pen\u00ednsula Ib\u00e9rica y donde es posible practicar cualquier deporte de invierno <strong>hasta<\/strong> <strong>el 8 de abril.<\/strong><\/p>\n<p>Asimismo, si nos decantamos por la <strong>cordillera cant\u00e1brica<\/strong>, las estaciones de Valgrande-Pajares Fuentes de invierno y Leitaregos estar\u00e1n abiertas tambi\u00e9n hasta ese mismo d\u00eda. Todas ellas son una opci\u00f3n perfecta para disfrutar de la Pascua practicando tanto esqu\u00ed como snowboard acompa\u00f1ados de nuestros amigos y familiares.<\/p>\n<ul>\n<li><strong>Francia<\/strong><\/li>\n<\/ul>\n<p>En \u00faltimo lugar, si vuestro destino preferido es Francia, el pirineo galo tambi\u00e9n alberga varias estaciones como la de <strong>Gavarnie-G\u00e8dre <\/strong>o de <strong>Mijanes-Donez<\/strong>, que estar\u00e1n abiertas \u00fanicamente <strong>hasta el 18 de marzo de 2018.<\/strong><\/p>\n<p>Si os ha quedado alguna duda, <a title=\"Fechas apertura-cierre temporada esqu\u00ed 2017\/2018\" href=\"https:\/\/www.infonieve.es\/estaciones-esqui\/fecha-inicio-fin-temporada\/\" rel=\"nofollow\"><strong>a trav\u00e9s del siguiente enlace ten\u00e9is una lista detallada<\/strong><\/a> de las estaciones de esqu\u00ed m\u00e1s importantes junto a su fecha de tanto apertura como de cierre de temporada.<\/p>\n<h3>Esquiar en primavera es posible<\/h3>\n<p>Con tantas estaciones echando el cierra te preguntar\u00e1s&#8230; Y entonces, \u00bfd\u00f3nde esqu\u00edo en primavera? \u00bfYa he perdido todos los trenes para una \u00faltima esquiada? \u00a1No! Tienes una \u00faltima oportunidad.<\/p>\n<p>Las abundantes nevadas de esta temporada han propiciado que algunas estaciones espa\u00f1olas alarguen sustancialmente sus periodos de apertura que en algunos casos llegan hasta el 6 de mayo. Toda la informaci\u00f3n sobre las <strong>estaciones abiertas en mayo<\/strong> en este enlace.<\/p>\n<h3>\u00bfQu\u00e9 hacer tras el cierre de las estaciones de esqu\u00ed?<\/h3>\n<p>Ahora que ya hemos conocido las fechas del fin de temporada para este 2018, seguro que a muchos de vosotros os surge la siguiente pregunta. \u00bfEs posible disfrutar de cualquier de estos lugares despu\u00e9s del cierre de estaciones de esqu\u00ed? \u00a1Pues claro que s\u00ed!<\/p>\n<p>Desde<strong>\u00a0<\/strong>Estiber ponemos a vuestra disposici\u00f3n un gran cat\u00e1logo de actividades de aventura de lo m\u00e1s variopintas que son, sin duda, una opci\u00f3n perfecta si nos hemos quedado sin ideas para nuestras vacaciones de semana santa o bien queremos seguir disfrutando de la monta\u00f1a durante la primavera\/verano.<\/p>\n<p>Y una buena prueba de ello es todas las actividades de <strong><a title=\"Ofertas rafting: Deportes de aventura\" href=\"https:\/\/www.estiber.com\/es_ES\/ofertas-rafting\">rafting<\/a>, <a title=\"Ofertas barranquismo: Deportes de aventura\" href=\"https:\/\/www.estiber.com\/es_ES\/ofertas-barranquismo-pirineo\">barranquismo<\/a> y <a href=\"https:\/\/www.estiber.com\/es_ES\/ofertas-bikeparks\">mountain bike<\/a><\/strong> que hay disponibles a lo largo de todo el a\u00f1o y que seguramente har\u00e1n las delicias de aquellos amantes de las emociones fuertes.<\/p>\n<p><img loading=\"lazy\" decoding=\"async\" class=\"wp-image-2962 size-full aligncenter\" src=\"https:\/\/www.estiber.com\/blog\/wp-content\/uploads\/2018\/03\/rafting-mountain-bike-estiber.jpg\" alt=\"Actividades de aventura Estiber\" width=\"911\" height=\"291\" srcset=\"https:\/\/www.estiber.com\/blog\/wp-content\/uploads\/2018\/03\/rafting-mountain-bike-estiber.jpg 911w, https:\/\/www.estiber.com\/blog\/wp-content\/uploads\/2018\/03\/rafting-mountain-bike-estiber-300x96.jpg 300w, https:\/\/www.estiber.com\/blog\/wp-content\/uploads\/2018\/03\/rafting-mountain-bike-estiber-768x245.jpg 768w, https:\/\/www.estiber.com\/blog\/wp-content\/uploads\/2018\/03\/rafting-mountain-bike-estiber-800x256.jpg 800w, https:\/\/www.estiber.com\/blog\/wp-content\/uploads\/2018\/03\/rafting-mountain-bike-estiber-600x192.jpg 600w\" sizes=\"auto, (max-width: 911px) 100vw, 911px\" \/><\/p>\n","protected":false},"excerpt":{"rendered":"<p>Con la primavera reci\u00e9n empezada, son muchas las estaciones de esqu\u00ed que empiezan a colgar el cartel de \u201ccerrado\u201d hasta la temporada que viene. Por esta raz\u00f3n, si sois amantes de los deportes de invierno en general, os aconsejamos que aprovech\u00e9is estas \u00faltimas semanas de marzo para deslizarlos por cualquier pendiente nevada, mientras que al <a class=\"read-more\" href=\"https:\/\/www.estiber.com\/blog\/cierre-estaciones-esqui-fin-temporada-2017-2018\/\">&#8230;<\/a><\/p>\n","protected":false},"author":1,"featured_media":2961,"comment_status":"open","ping_status":"open","sticky":false,"template":"","format":"standard","meta":{"footnotes":""},"categories":[2],"tags":[88,38],"class_list":{"0":"post-2946","1":"post","2":"type-post","3":"status-publish","4":"format-standard","5":"has-post-thumbnail","6":"hentry","7":"category-noticias","8":"tag-esqui","9":"tag-esqui-alpino","11":"with-featured-image"},"yoast_head":"<!-- This site is optimized with the Yoast SEO plugin v27.0 - https:\/\/yoast.com\/product\/yoast-seo-wordpress\/ -->\n<title>Fin temporada esqu\u00ed 2017\/2018 - Fechas de cierre de las estaciones | Blog Estiber<\/title>\n<meta name=\"description\" content=\"Calendario del cierre de las estaciones de esqu\u00ed y propuestas para continuar disfrutando de la monta\u00f1a durante esta primavera\" \/>\n<meta name=\"robots\" content=\"noindex, follow\" \/>\n<meta property=\"og:locale\" content=\"es_ES\" \/>\n<meta property=\"og:type\" content=\"article\" \/>\n<meta property=\"og:title\" content=\"Fin temporada esqu\u00ed 2017\/2018 - Fechas de cierre de las estaciones | Blog Estiber\" \/>\n<meta property=\"og:description\" content=\"Calendario del cierre de las estaciones de esqu\u00ed y propuestas para continuar disfrutando de la monta\u00f1a durante esta primavera\" \/>\n<meta property=\"og:url\" content=\"https:\/\/www.estiber.com\/blog\/cierre-estaciones-esqui-fin-temporada-2017-2018\/\" \/>\n<meta property=\"og:site_name\" content=\"Blog Estiber\" \/>\n<meta property=\"article:publisher\" content=\"https:\/\/www.facebook.com\/estiberviajes\" \/>\n<meta property=\"article:published_time\" content=\"2018-03-28T08:33:48+00:00\" \/>\n<meta property=\"article:modified_time\" content=\"2025-07-15T06:50:54+00:00\" \/>\n<meta property=\"og:image\" content=\"https:\/\/www.estiber.com\/blog\/wp-content\/uploads\/2018\/03\/fin-temporada-esqui-2017-2018.jpg\" \/>\n\t<meta property=\"og:image:width\" content=\"928\" \/>\n\t<meta property=\"og:image:height\" content=\"617\" \/>\n\t<meta property=\"og:image:type\" content=\"image\/jpeg\" \/>\n<meta name=\"author\" content=\"Viajes Estiber\" \/>\n<meta name=\"twitter:card\" content=\"summary_large_image\" \/>\n<meta name=\"twitter:creator\" content=\"@estiberviajes\" \/>\n<meta name=\"twitter:site\" content=\"@estiberviajes\" \/>\n<meta name=\"twitter:label1\" content=\"Escrito por\" \/>\n\t<meta name=\"twitter:data1\" content=\"Viajes Estiber\" \/>\n\t<meta name=\"twitter:label2\" content=\"Tiempo de lectura\" \/>\n\t<meta name=\"twitter:data2\" content=\"4 minutos\" \/>\n<script type=\"application\/ld+json\" class=\"yoast-schema-graph\">{\"@context\":\"https:\/\/schema.org\",\"@graph\":[{\"@type\":\"Article\",\"@id\":\"https:\/\/www.estiber.com\/blog\/cierre-estaciones-esqui-fin-temporada-2017-2018\/#article\",\"isPartOf\":{\"@id\":\"https:\/\/www.estiber.com\/blog\/cierre-estaciones-esqui-fin-temporada-2017-2018\/\"},\"author\":{\"name\":\"Viajes Estiber\",\"@id\":\"https:\/\/www.estiber.com\/blog\/#\/schema\/person\/9b06974be0d71f639d2b3d7b67ef345a\"},\"headline\":\"Fin temporada esqu\u00ed 2017\/2018 &#8211; Fechas de cierre de las estaciones\",\"datePublished\":\"2018-03-28T08:33:48+00:00\",\"dateModified\":\"2025-07-15T06:50:54+00:00\",\"mainEntityOfPage\":{\"@id\":\"https:\/\/www.estiber.com\/blog\/cierre-estaciones-esqui-fin-temporada-2017-2018\/\"},\"wordCount\":664,\"commentCount\":0,\"publisher\":{\"@id\":\"https:\/\/www.estiber.com\/blog\/#organization\"},\"image\":{\"@id\":\"https:\/\/www.estiber.com\/blog\/cierre-estaciones-esqui-fin-temporada-2017-2018\/#primaryimage\"},\"thumbnailUrl\":\"https:\/\/www.estiber.com\/blog\/wp-content\/uploads\/2018\/03\/fin-temporada-esqui-2017-2018.jpg\",\"keywords\":[\"Esqu\u00ed\",\"Esqu\u00ed alpino\"],\"articleSection\":[\"Noticias\"],\"inLanguage\":\"es\",\"potentialAction\":[{\"@type\":\"CommentAction\",\"name\":\"Comment\",\"target\":[\"https:\/\/www.estiber.com\/blog\/cierre-estaciones-esqui-fin-temporada-2017-2018\/#respond\"]}]},{\"@type\":\"WebPage\",\"@id\":\"https:\/\/www.estiber.com\/blog\/cierre-estaciones-esqui-fin-temporada-2017-2018\/\",\"url\":\"https:\/\/www.estiber.com\/blog\/cierre-estaciones-esqui-fin-temporada-2017-2018\/\",\"name\":\"Fin temporada esqu\u00ed 2017\/2018 - Fechas de cierre de las estaciones | Blog Estiber\",\"isPartOf\":{\"@id\":\"https:\/\/www.estiber.com\/blog\/#website\"},\"primaryImageOfPage\":{\"@id\":\"https:\/\/www.estiber.com\/blog\/cierre-estaciones-esqui-fin-temporada-2017-2018\/#primaryimage\"},\"image\":{\"@id\":\"https:\/\/www.estiber.com\/blog\/cierre-estaciones-esqui-fin-temporada-2017-2018\/#primaryimage\"},\"thumbnailUrl\":\"https:\/\/www.estiber.com\/blog\/wp-content\/uploads\/2018\/03\/fin-temporada-esqui-2017-2018.jpg\",\"datePublished\":\"2018-03-28T08:33:48+00:00\",\"dateModified\":\"2025-07-15T06:50:54+00:00\",\"description\":\"Calendario del cierre de las estaciones de esqu\u00ed y propuestas para continuar disfrutando de la monta\u00f1a durante esta primavera\",\"breadcrumb\":{\"@id\":\"https:\/\/www.estiber.com\/blog\/cierre-estaciones-esqui-fin-temporada-2017-2018\/#breadcrumb\"},\"inLanguage\":\"es\",\"potentialAction\":[{\"@type\":\"ReadAction\",\"target\":[\"https:\/\/www.estiber.com\/blog\/cierre-estaciones-esqui-fin-temporada-2017-2018\/\"]}]},{\"@type\":\"ImageObject\",\"inLanguage\":\"es\",\"@id\":\"https:\/\/www.estiber.com\/blog\/cierre-estaciones-esqui-fin-temporada-2017-2018\/#primaryimage\",\"url\":\"https:\/\/www.estiber.com\/blog\/wp-content\/uploads\/2018\/03\/fin-temporada-esqui-2017-2018.jpg\",\"contentUrl\":\"https:\/\/www.estiber.com\/blog\/wp-content\/uploads\/2018\/03\/fin-temporada-esqui-2017-2018.jpg\",\"width\":928,\"height\":617,\"caption\":\"fin temporada esqui\"},{\"@type\":\"BreadcrumbList\",\"@id\":\"https:\/\/www.estiber.com\/blog\/cierre-estaciones-esqui-fin-temporada-2017-2018\/#breadcrumb\",\"itemListElement\":[{\"@type\":\"ListItem\",\"position\":1,\"name\":\"Portada\",\"item\":\"https:\/\/www.estiber.com\/blog\/\"},{\"@type\":\"ListItem\",\"position\":2,\"name\":\"Fin temporada esqu\u00ed 2017\/2018 &#8211; Fechas de cierre de las estaciones\"}]},{\"@type\":\"WebSite\",\"@id\":\"https:\/\/www.estiber.com\/blog\/#website\",\"url\":\"https:\/\/www.estiber.com\/blog\/\",\"name\":\"Blog Estiber\",\"description\":\"\",\"publisher\":{\"@id\":\"https:\/\/www.estiber.com\/blog\/#organization\"},\"potentialAction\":[{\"@type\":\"SearchAction\",\"target\":{\"@type\":\"EntryPoint\",\"urlTemplate\":\"https:\/\/www.estiber.com\/blog\/?s={search_term_string}\"},\"query-input\":{\"@type\":\"PropertyValueSpecification\",\"valueRequired\":true,\"valueName\":\"search_term_string\"}}],\"inLanguage\":\"es\"},{\"@type\":\"Organization\",\"@id\":\"https:\/\/www.estiber.com\/blog\/#organization\",\"name\":\"Viajes Estiber\",\"url\":\"https:\/\/www.estiber.com\/blog\/\",\"logo\":{\"@type\":\"ImageObject\",\"inLanguage\":\"es\",\"@id\":\"https:\/\/www.estiber.com\/blog\/#\/schema\/logo\/image\/\",\"url\":\"https:\/\/www.estiber.com\/blog\/wp-content\/uploads\/2017\/05\/estiber-ofertas-esqui-2.jpg\",\"contentUrl\":\"https:\/\/www.estiber.com\/blog\/wp-content\/uploads\/2017\/05\/estiber-ofertas-esqui-2.jpg\",\"width\":800,\"height\":800,\"caption\":\"Viajes Estiber\"},\"image\":{\"@id\":\"https:\/\/www.estiber.com\/blog\/#\/schema\/logo\/image\/\"},\"sameAs\":[\"https:\/\/www.facebook.com\/estiberviajes\",\"https:\/\/x.com\/estiberviajes\",\"https:\/\/www.instagram.com\/estiberviajes\/\",\"https:\/\/www.pinterest.com\/estiberviajes\/\"]},{\"@type\":\"Person\",\"@id\":\"https:\/\/www.estiber.com\/blog\/#\/schema\/person\/9b06974be0d71f639d2b3d7b67ef345a\",\"name\":\"Viajes Estiber\",\"image\":{\"@type\":\"ImageObject\",\"inLanguage\":\"es\",\"@id\":\"https:\/\/www.estiber.com\/blog\/#\/schema\/person\/image\/\",\"url\":\"https:\/\/secure.gravatar.com\/avatar\/051495a22a5ce727b6909eb86316af3cfcc7b5e4dea54b863ed8d2281ec15d4a?s=96&d=mm&r=g\",\"contentUrl\":\"https:\/\/secure.gravatar.com\/avatar\/051495a22a5ce727b6909eb86316af3cfcc7b5e4dea54b863ed8d2281ec15d4a?s=96&d=mm&r=g\",\"caption\":\"Viajes Estiber\"},\"description\":\"Ofertas de esqu\u00ed en Andorra, Alpes, Pirineo y Sierra Nevada. Encuentra ofertas de ski hotel m\u00e1s forfait y viajes de esqu\u00ed al mejor precio.\",\"url\":\"https:\/\/www.estiber.com\/blog\/author\/estiber\/\"}]}<\/script>\n<!-- \/ Yoast SEO plugin. -->","yoast_head_json":{"title":"Fin temporada esqu\u00ed 2017\/2018 - Fechas de cierre de las estaciones | Blog Estiber","description":"Calendario del cierre de las estaciones de esqu\u00ed y propuestas para continuar disfrutando de la monta\u00f1a durante esta primavera","robots":{"index":"noindex","follow":"follow"},"og_locale":"es_ES","og_type":"article","og_title":"Fin temporada esqu\u00ed 2017\/2018 - Fechas de cierre de las estaciones | Blog Estiber","og_description":"Calendario del cierre de las estaciones de esqu\u00ed y propuestas para continuar disfrutando de la monta\u00f1a durante esta primavera","og_url":"https:\/\/www.estiber.com\/blog\/cierre-estaciones-esqui-fin-temporada-2017-2018\/","og_site_name":"Blog Estiber","article_publisher":"https:\/\/www.facebook.com\/estiberviajes","article_published_time":"2018-03-28T08:33:48+00:00","article_modified_time":"2025-07-15T06:50:54+00:00","og_image":[{"width":928,"height":617,"url":"https:\/\/www.estiber.com\/blog\/wp-content\/uploads\/2018\/03\/fin-temporada-esqui-2017-2018.jpg","type":"image\/jpeg"}],"author":"Viajes Estiber","twitter_card":"summary_large_image","twitter_creator":"@estiberviajes","twitter_site":"@estiberviajes","twitter_misc":{"Escrito por":"Viajes Estiber","Tiempo de lectura":"4 minutos"},"schema":{"@context":"https:\/\/schema.org","@graph":[{"@type":"Article","@id":"https:\/\/www.estiber.com\/blog\/cierre-estaciones-esqui-fin-temporada-2017-2018\/#article","isPartOf":{"@id":"https:\/\/www.estiber.com\/blog\/cierre-estaciones-esqui-fin-temporada-2017-2018\/"},"author":{"name":"Viajes Estiber","@id":"https:\/\/www.estiber.com\/blog\/#\/schema\/person\/9b06974be0d71f639d2b3d7b67ef345a"},"headline":"Fin temporada esqu\u00ed 2017\/2018 &#8211; Fechas de cierre de las estaciones","datePublished":"2018-03-28T08:33:48+00:00","dateModified":"2025-07-15T06:50:54+00:00","mainEntityOfPage":{"@id":"https:\/\/www.estiber.com\/blog\/cierre-estaciones-esqui-fin-temporada-2017-2018\/"},"wordCount":664,"commentCount":0,"publisher":{"@id":"https:\/\/www.estiber.com\/blog\/#organization"},"image":{"@id":"https:\/\/www.estiber.com\/blog\/cierre-estaciones-esqui-fin-temporada-2017-2018\/#primaryimage"},"thumbnailUrl":"https:\/\/www.estiber.com\/blog\/wp-content\/uploads\/2018\/03\/fin-temporada-esqui-2017-2018.jpg","keywords":["Esqu\u00ed","Esqu\u00ed alpino"],"articleSection":["Noticias"],"inLanguage":"es","potentialAction":[{"@type":"CommentAction","name":"Comment","target":["https:\/\/www.estiber.com\/blog\/cierre-estaciones-esqui-fin-temporada-2017-2018\/#respond"]}]},{"@type":"WebPage","@id":"https:\/\/www.estiber.com\/blog\/cierre-estaciones-esqui-fin-temporada-2017-2018\/","url":"https:\/\/www.estiber.com\/blog\/cierre-estaciones-esqui-fin-temporada-2017-2018\/","name":"Fin temporada esqu\u00ed 2017\/2018 - Fechas de cierre de las estaciones | Blog Estiber","isPartOf":{"@id":"https:\/\/www.estiber.com\/blog\/#website"},"primaryImageOfPage":{"@id":"https:\/\/www.estiber.com\/blog\/cierre-estaciones-esqui-fin-temporada-2017-2018\/#primaryimage"},"image":{"@id":"https:\/\/www.estiber.com\/blog\/cierre-estaciones-esqui-fin-temporada-2017-2018\/#primaryimage"},"thumbnailUrl":"https:\/\/www.estiber.com\/blog\/wp-content\/uploads\/2018\/03\/fin-temporada-esqui-2017-2018.jpg","datePublished":"2018-03-28T08:33:48+00:00","dateModified":"2025-07-15T06:50:54+00:00","description":"Calendario del cierre de las estaciones de esqu\u00ed y propuestas para continuar disfrutando de la monta\u00f1a durante esta primavera","breadcrumb":{"@id":"https:\/\/www.estiber.com\/blog\/cierre-estaciones-esqui-fin-temporada-2017-2018\/#breadcrumb"},"inLanguage":"es","potentialAction":[{"@type":"ReadAction","target":["https:\/\/www.estiber.com\/blog\/cierre-estaciones-esqui-fin-temporada-2017-2018\/"]}]},{"@type":"ImageObject","inLanguage":"es","@id":"https:\/\/www.estiber.com\/blog\/cierre-estaciones-esqui-fin-temporada-2017-2018\/#primaryimage","url":"https:\/\/www.estiber.com\/blog\/wp-content\/uploads\/2018\/03\/fin-temporada-esqui-2017-2018.jpg","contentUrl":"https:\/\/www.estiber.com\/blog\/wp-content\/uploads\/2018\/03\/fin-temporada-esqui-2017-2018.jpg","width":928,"height":617,"caption":"fin temporada esqui"},{"@type":"BreadcrumbList","@id":"https:\/\/www.estiber.com\/blog\/cierre-estaciones-esqui-fin-temporada-2017-2018\/#breadcrumb","itemListElement":[{"@type":"ListItem","position":1,"name":"Portada","item":"https:\/\/www.estiber.com\/blog\/"},{"@type":"ListItem","position":2,"name":"Fin temporada esqu\u00ed 2017\/2018 &#8211; Fechas de cierre de las estaciones"}]},{"@type":"WebSite","@id":"https:\/\/www.estiber.com\/blog\/#website","url":"https:\/\/www.estiber.com\/blog\/","name":"Blog Estiber","description":"","publisher":{"@id":"https:\/\/www.estiber.com\/blog\/#organization"},"potentialAction":[{"@type":"SearchAction","target":{"@type":"EntryPoint","urlTemplate":"https:\/\/www.estiber.com\/blog\/?s={search_term_string}"},"query-input":{"@type":"PropertyValueSpecification","valueRequired":true,"valueName":"search_term_string"}}],"inLanguage":"es"},{"@type":"Organization","@id":"https:\/\/www.estiber.com\/blog\/#organization","name":"Viajes Estiber","url":"https:\/\/www.estiber.com\/blog\/","logo":{"@type":"ImageObject","inLanguage":"es","@id":"https:\/\/www.estiber.com\/blog\/#\/schema\/logo\/image\/","url":"https:\/\/www.estiber.com\/blog\/wp-content\/uploads\/2017\/05\/estiber-ofertas-esqui-2.jpg","contentUrl":"https:\/\/www.estiber.com\/blog\/wp-content\/uploads\/2017\/05\/estiber-ofertas-esqui-2.jpg","width":800,"height":800,"caption":"Viajes Estiber"},"image":{"@id":"https:\/\/www.estiber.com\/blog\/#\/schema\/logo\/image\/"},"sameAs":["https:\/\/www.facebook.com\/estiberviajes","https:\/\/x.com\/estiberviajes","https:\/\/www.instagram.com\/estiberviajes\/","https:\/\/www.pinterest.com\/estiberviajes\/"]},{"@type":"Person","@id":"https:\/\/www.estiber.com\/blog\/#\/schema\/person\/9b06974be0d71f639d2b3d7b67ef345a","name":"Viajes Estiber","image":{"@type":"ImageObject","inLanguage":"es","@id":"https:\/\/www.estiber.com\/blog\/#\/schema\/person\/image\/","url":"https:\/\/secure.gravatar.com\/avatar\/051495a22a5ce727b6909eb86316af3cfcc7b5e4dea54b863ed8d2281ec15d4a?s=96&d=mm&r=g","contentUrl":"https:\/\/secure.gravatar.com\/avatar\/051495a22a5ce727b6909eb86316af3cfcc7b5e4dea54b863ed8d2281ec15d4a?s=96&d=mm&r=g","caption":"Viajes Estiber"},"description":"Ofertas de esqu\u00ed en Andorra, Alpes, Pirineo y Sierra Nevada. Encuentra ofertas de ski hotel m\u00e1s forfait y viajes de esqu\u00ed al mejor precio.","url":"https:\/\/www.estiber.com\/blog\/author\/estiber\/"}]}},"_links":{"self":[{"href":"https:\/\/www.estiber.com\/blog\/wp-json\/wp\/v2\/posts\/2946","targetHints":{"allow":["GET"]}}],"collection":[{"href":"https:\/\/www.estiber.com\/blog\/wp-json\/wp\/v2\/posts"}],"about":[{"href":"https:\/\/www.estiber.com\/blog\/wp-json\/wp\/v2\/types\/post"}],"author":[{"embeddable":true,"href":"https:\/\/www.estiber.com\/blog\/wp-json\/wp\/v2\/users\/1"}],"replies":[{"embeddable":true,"href":"https:\/\/www.estiber.com\/blog\/wp-json\/wp\/v2\/comments?post=2946"}],"version-history":[{"count":9,"href":"https:\/\/www.estiber.com\/blog\/wp-json\/wp\/v2\/posts\/2946\/revisions"}],"predecessor-version":[{"id":7916,"href":"https:\/\/www.estiber.com\/blog\/wp-json\/wp\/v2\/posts\/2946\/revisions\/7916"}],"wp:featuredmedia":[{"embeddable":true,"href":"https:\/\/www.estiber.com\/blog\/wp-json\/wp\/v2\/media\/2961"}],"wp:attachment":[{"href":"https:\/\/www.estiber.com\/blog\/wp-json\/wp\/v2\/media?parent=2946"}],"wp:term":[{"taxonomy":"category","embeddable":true,"href":"https:\/\/www.estiber.com\/blog\/wp-json\/wp\/v2\/categories?post=2946"},{"taxonomy":"post_tag","embeddable":true,"href":"https:\/\/www.estiber.com\/blog\/wp-json\/wp\/v2\/tags?post=2946"}],"curies":[{"name":"wp","href":"https:\/\/api.w.org\/{rel}","templated":true}]}}