{"id":14562,"date":"2025-09-26T09:30:39","date_gmt":"2025-09-26T07:30:39","guid":{"rendered":"https:\/\/www.estiber.com\/blog\/?p=14562"},"modified":"2025-09-25T16:18:17","modified_gmt":"2025-09-25T14:18:17","slug":"parques-naturales-de-cataluna-los-10-que-no-te-puedes-perder","status":"publish","type":"post","link":"https:\/\/www.estiber.com\/blog\/parques-naturales-de-cataluna-los-10-que-no-te-puedes-perder\/","title":{"rendered":"Parques naturales de Catalu\u00f1a: los 10 que no te puedes perder"},"content":{"rendered":"<p>Catalu\u00f1a tiene un paisaje natural muy diverso. Desde la costa hasta las monta\u00f1as del interior, algunas llenas de misticismo como Montserrat, y otras que son el sue\u00f1o de todo amante de las alturas, como los picos de los Pirineos. Hay <strong>hasta 165 espacios<\/strong> <strong>de especial valor ecol\u00f3gico<\/strong> que est\u00e1n protegidos y que ocupan el 30% de la superficie de la comunidad aut\u00f3noma. Entre ellos, hay <strong>20 parques naturales en Catalu\u00f1a<\/strong>. \u00bfTodav\u00eda no los conoces? Destacamos el top 10 que no te puedes perder ya reserves un <a href=\"https:\/\/www.estiber.com\/es_ES\/ofertas-esqui\">viaje para esquiar<\/a> o si tienes pensado visitar la zona en verano.<\/p>\n<h2>Parque Nacional de Aig\u00fcestortes i Estany de Sant Maurici<\/h2>\n<p><img loading=\"lazy\" decoding=\"async\" class=\"alignnone wp-image-14565 size-full\" src=\"https:\/\/www.estiber.com\/blog\/wp-content\/uploads\/2025\/09\/parques-naturales-cataluna-aiguestortes.jpg\" alt=\"\" width=\"750\" height=\"500\" srcset=\"https:\/\/www.estiber.com\/blog\/wp-content\/uploads\/2025\/09\/parques-naturales-cataluna-aiguestortes.jpg 750w, https:\/\/www.estiber.com\/blog\/wp-content\/uploads\/2025\/09\/parques-naturales-cataluna-aiguestortes-300x200.jpg 300w, https:\/\/www.estiber.com\/blog\/wp-content\/uploads\/2025\/09\/parques-naturales-cataluna-aiguestortes-375x250.jpg 375w, https:\/\/www.estiber.com\/blog\/wp-content\/uploads\/2025\/09\/parques-naturales-cataluna-aiguestortes-600x400.jpg 600w\" sizes=\"auto, (max-width: 750px) 100vw, 750px\" \/><\/p>\n<p>A destacar que se trata del \u00fanico Parque Nacional que hay en Catalu\u00f1a. Una se\u00f1a de identidad de <a href=\"https:\/\/www.estiber.com\/blog\/aiguestortes-sant-maurici\/\">Aig\u00fcestortes i Estany de Sant Maurici<\/a> es la <strong>gran cantidad de lagos de alta monta\u00f1a que alberga, hasta 200<\/strong>, lo que aqu\u00ed se conoce como \u201cestanys\u201d. El agua es la principal protagonista tambi\u00e9n a trav\u00e9s de innumerables riachuelos entre un impresionante relieve.<\/p>\n<p>Una buena manera de conocer a fondo este parque natural de Catalu\u00f1a es seguir la <strong>traves\u00eda Carros de Foc<\/strong>, un <strong>recorrido circular<\/strong> que une los 9 refugios de monta\u00f1a que hay.<\/p>\n<p>Otra ruta emblem\u00e1tica y m\u00e1s sencilla y asequible es la del Planell de Aig\u00fcestortes y Estany Llong, un total de 9,5 kil\u00f3metros entre ida y vuelta. Por cierto, en este Parque Nacional hay una estaci\u00f3n de esqu\u00ed, por lo que podr\u00e1s <a href=\"https:\/\/www.estiber.com\/es_ES\/ofertas-esqui-espot\">esquiar en Espot<\/a>.<\/p>\n<h2>Alt Pirineu, uno de los parques naturales de Catalu\u00f1a m\u00e1s emblem\u00e1ticos<\/h2>\n<p><img loading=\"lazy\" decoding=\"async\" class=\"alignnone wp-image-14566 size-full\" src=\"https:\/\/www.estiber.com\/blog\/wp-content\/uploads\/2025\/09\/parques-naturales-cataluna-alt-pirineu.jpg\" alt=\"\" width=\"750\" height=\"500\" srcset=\"https:\/\/www.estiber.com\/blog\/wp-content\/uploads\/2025\/09\/parques-naturales-cataluna-alt-pirineu.jpg 750w, https:\/\/www.estiber.com\/blog\/wp-content\/uploads\/2025\/09\/parques-naturales-cataluna-alt-pirineu-300x200.jpg 300w, https:\/\/www.estiber.com\/blog\/wp-content\/uploads\/2025\/09\/parques-naturales-cataluna-alt-pirineu-375x250.jpg 375w, https:\/\/www.estiber.com\/blog\/wp-content\/uploads\/2025\/09\/parques-naturales-cataluna-alt-pirineu-600x400.jpg 600w\" sizes=\"auto, (max-width: 750px) 100vw, 750px\" \/><\/p>\n<p>Es uno de los parques naturales de Catalu\u00f1a m\u00e1s emblem\u00e1ticos porque <strong>alberga la cima m\u00e1s alta de la comunidad<\/strong> aut\u00f3noma: la <strong>Pica d\u2019Estats, con 3.143 metros de altitud<\/strong>.<\/p>\n<p>Adem\u00e1s, es el <strong>espacio natural protegido m\u00e1s extenso<\/strong>, con casi <strong>80.000 hect\u00e1reas<\/strong>. Es un lugar con una fauna peculiar, con animales tan espectaculares como el urogallo, el quebrantahuesos o el oso pardo.<\/p>\n<p>Hay una ruta se\u00f1alizada muy exigente para subir a la Pica d\u2019Estats, desde el parking de la Molinassa, de 18,6 km y 1.415 metros de desnivel positivo. Tambi\u00e9n aqu\u00ed est\u00e1 el lago m\u00e1s grande de los Pirineos, el Estany de Certascan.<\/p>\n<p>Pero si quieres algo m\u00e1s asequible, tambi\u00e9n puedes explorar el entorno por el Bosque de Vir\u00f3s o hacer la ruta de las Bordas de Noarre. En Alt Pirineu se puede <a href=\"https:\/\/www.estiber.com\/es_ES\/ofertas-esqui-port-aine\">esquiar en Port Ain\u00e9<\/a>.<\/p>\n<h2>Cad\u00ed-Moixer\u00f3, la gran barrera monta\u00f1osa<\/h2>\n<p><img loading=\"lazy\" decoding=\"async\" class=\"alignnone wp-image-14567 size-full\" src=\"https:\/\/www.estiber.com\/blog\/wp-content\/uploads\/2025\/09\/parques-naturales-cataluna-cadi-moixero.jpg\" alt=\"parques naturales catau\u00f1a\" width=\"750\" height=\"500\" srcset=\"https:\/\/www.estiber.com\/blog\/wp-content\/uploads\/2025\/09\/parques-naturales-cataluna-cadi-moixero.jpg 750w, https:\/\/www.estiber.com\/blog\/wp-content\/uploads\/2025\/09\/parques-naturales-cataluna-cadi-moixero-300x200.jpg 300w, https:\/\/www.estiber.com\/blog\/wp-content\/uploads\/2025\/09\/parques-naturales-cataluna-cadi-moixero-375x250.jpg 375w, https:\/\/www.estiber.com\/blog\/wp-content\/uploads\/2025\/09\/parques-naturales-cataluna-cadi-moixero-600x400.jpg 600w\" sizes=\"auto, (max-width: 750px) 100vw, 750px\" \/><\/p>\n<p>Son dos grandes cordilleras que, juntas, forman una impresionante <strong>barrera monta\u00f1osa de 30 kil\u00f3metros<\/strong> que constituye un punto de uni\u00f3n entre el Prepirineo y el Pirineo. En sus m\u00e1s de 41.000 hect\u00e1reas de superficie, ocupa tierras de las provincias de Barcelona, Girona y Lleida.<\/p>\n<p>Sin duda, lo m\u00e1s espectacular de este parque natural de Catalu\u00f1a es el Pedraforca, una monta\u00f1a que es s\u00edmbolo del excursionismo y del alpinismo catal\u00e1n. Tiene una forma muy caracter\u00edstica, con dos carenas (los Pollegons) unidas por un collado. Se puede subir por varios senderos, como el PR-C 123 o el PR-C 127, tambi\u00e9n llamado \u201cPedraforca 360 grados\u201d. Sin duda, son muchas las <a href=\"https:\/\/www.estiber.com\/blog\/parque-natural-cadi-moixero-rutas\/\">rutas en el parque natural del Cad\u00ed-Moixer\u00f3<\/a>, as\u00ed que no te pierdas alguna en tu pr\u00f3ximo viaje.<\/p>\n<h2>Cabeceras del Ter i Freser<\/h2>\n<p><img loading=\"lazy\" decoding=\"async\" class=\"alignnone wp-image-14568 size-full\" src=\"https:\/\/www.estiber.com\/blog\/wp-content\/uploads\/2025\/09\/parques-naturales-cataluna-ter-freser.jpg\" alt=\"\" width=\"750\" height=\"500\" srcset=\"https:\/\/www.estiber.com\/blog\/wp-content\/uploads\/2025\/09\/parques-naturales-cataluna-ter-freser.jpg 750w, https:\/\/www.estiber.com\/blog\/wp-content\/uploads\/2025\/09\/parques-naturales-cataluna-ter-freser-300x200.jpg 300w, https:\/\/www.estiber.com\/blog\/wp-content\/uploads\/2025\/09\/parques-naturales-cataluna-ter-freser-375x250.jpg 375w, https:\/\/www.estiber.com\/blog\/wp-content\/uploads\/2025\/09\/parques-naturales-cataluna-ter-freser-600x400.jpg 600w\" sizes=\"auto, (max-width: 750px) 100vw, 750px\" \/><\/p>\n<p>Otro de los parques naturales de Catalu\u00f1a m\u00e1s emblem\u00e1ticos porque esconde uno de sus grandes tesoros arquitect\u00f3nicos: el Santuario \u2013 <strong>Bas\u00edlica de Vall de N\u00faria<\/strong>, a casi 2.000 metros de altitud, junto a un lago y entre altas monta\u00f1as. Son casi 15.000 hect\u00e1reas de gran belleza.<\/p>\n<p>Precisamente una de las rutas m\u00e1s bonitas que podemos hacer es el Cam\u00ed Vell \u2013camino viejo\u2013 entre Queralbs, uno de los <a href=\"https:\/\/www.estiber.com\/blog\/los-10-pueblos-de-pirineo-catalan-con-mas-encanto\/\">pueblos del pirineo catal\u00e1n con m\u00e1s encanto<\/a>, y el templo. Son 7,2 km y 932 metros de subida. La vuelta es por el mismo camino o se puede bajar con el tren cremallera.<\/p>\n<h2>Montserrat, una visita obligatoria<\/h2>\n<p><img loading=\"lazy\" decoding=\"async\" class=\"alignnone wp-image-14569 size-full\" src=\"https:\/\/www.estiber.com\/blog\/wp-content\/uploads\/2025\/09\/parques-naturales-cataluna-montserrat.jpg\" alt=\"parques naturales catau\u00f1a\" width=\"750\" height=\"499\" srcset=\"https:\/\/www.estiber.com\/blog\/wp-content\/uploads\/2025\/09\/parques-naturales-cataluna-montserrat.jpg 750w, https:\/\/www.estiber.com\/blog\/wp-content\/uploads\/2025\/09\/parques-naturales-cataluna-montserrat-300x200.jpg 300w, https:\/\/www.estiber.com\/blog\/wp-content\/uploads\/2025\/09\/parques-naturales-cataluna-montserrat-375x250.jpg 375w, https:\/\/www.estiber.com\/blog\/wp-content\/uploads\/2025\/09\/parques-naturales-cataluna-montserrat-600x399.jpg 600w\" sizes=\"auto, (max-width: 750px) 100vw, 750px\" \/><\/p>\n<p>Es uno de los parques naturales de Catalu\u00f1a de <strong>visita obligatoria<\/strong>. La Sierra de Montserrat es un espacio protegido de <strong>gran importancia religiosa y cultural<\/strong> por su impresionante monasterio en el que se cobija la patrona de los catalanes, La Moreneta o Mare de D\u00e9u de Montserrat. Su perfil es muy peculiar y reconocible a varios kil\u00f3metros a la redonda, con sus famosas agujas.<\/p>\n<p>En sus m\u00e1s de 7.500 hect\u00e1reas <strong>hay much\u00edsimos senderos<\/strong> se\u00f1alizados de todos los niveles. Por ejemplo, la que sube al pico m\u00e1s alto, Sant Jeroni (1.236 metros), o la que va a la ermita de la Santa Cueva, m\u00e1s sencilla y apta para todos los p\u00fablicos.<\/p>\n<h2>Montseny, uno de los parques naturales de Catalu\u00f1a con m\u00e1s encanto<\/h2>\n<p><img loading=\"lazy\" decoding=\"async\" class=\"alignnone wp-image-14570 size-full\" src=\"https:\/\/www.estiber.com\/blog\/wp-content\/uploads\/2025\/09\/parques-naturales-cataluna-montseny.jpg\" alt=\"\" width=\"750\" height=\"500\" srcset=\"https:\/\/www.estiber.com\/blog\/wp-content\/uploads\/2025\/09\/parques-naturales-cataluna-montseny.jpg 750w, https:\/\/www.estiber.com\/blog\/wp-content\/uploads\/2025\/09\/parques-naturales-cataluna-montseny-300x200.jpg 300w, https:\/\/www.estiber.com\/blog\/wp-content\/uploads\/2025\/09\/parques-naturales-cataluna-montseny-375x250.jpg 375w, https:\/\/www.estiber.com\/blog\/wp-content\/uploads\/2025\/09\/parques-naturales-cataluna-montseny-600x400.jpg 600w\" sizes=\"auto, (max-width: 750px) 100vw, 750px\" \/><\/p>\n<p>El Montseny no es solo uno de los parques naturales de Catalu\u00f1a que hay que destacar, sino que tambi\u00e9n es <strong>Reserva de la Biosfera de la UNESCO<\/strong>. Est\u00e1 formado por un mosaico de paisajes mediterr\u00e1neos y centroeuropeos, albergando una <strong>biodiversidad extraordinaria<\/strong> y una profunda huella cultural dejada por el ser humano.<\/p>\n<p>Una de las <a href=\"https:\/\/www.estiber.com\/blog\/rutas-senderismo-cataluna\/\">rutas de senderismo en Catalu\u00f1a<\/a> m\u00e1s populares es la que <strong>sube a la cima de Matagalls<\/strong>. Desde la ermita de Sant Bernat son 14 kil\u00f3metros y casi 1.000 metros de desnivel positivo, por lo que es bastante exigente. Pero hay otras m\u00e1s sencillas como la excursi\u00f3n hasta la Font del Frare o una vuelta por el pantano de Santa Fe del Montseny, que pasa por pozas y toboganes naturales de agua.<\/p>\n<h2>Sierra de Montsant<\/h2>\n<p><img loading=\"lazy\" decoding=\"async\" class=\"alignnone wp-image-14571 size-full\" src=\"https:\/\/www.estiber.com\/blog\/wp-content\/uploads\/2025\/09\/parques-naturales-cataluna-montsant.jpg\" alt=\"\" width=\"751\" height=\"500\" srcset=\"https:\/\/www.estiber.com\/blog\/wp-content\/uploads\/2025\/09\/parques-naturales-cataluna-montsant.jpg 751w, https:\/\/www.estiber.com\/blog\/wp-content\/uploads\/2025\/09\/parques-naturales-cataluna-montsant-300x200.jpg 300w, https:\/\/www.estiber.com\/blog\/wp-content\/uploads\/2025\/09\/parques-naturales-cataluna-montsant-375x250.jpg 375w, https:\/\/www.estiber.com\/blog\/wp-content\/uploads\/2025\/09\/parques-naturales-cataluna-montsant-600x399.jpg 600w\" sizes=\"auto, (max-width: 751px) 100vw, 751px\" \/><\/p>\n<p>El Montsant es un parque natural de Catalu\u00f1a con un paisaje \u00fanico. Tiene un relieve particular de <strong>riscos, barrancos y desfiladeros<\/strong>, as\u00ed como un rico patrimonio cultural.<\/p>\n<p>Para pasear por su interior, hay que escoger un \u201c<strong>grau<\/strong>\u201d o paso natural para superar los riscos; algunos tienen cierta complicaci\u00f3n, pero los hay bastante c\u00f3modos, como el Grau del Pi de la Carabasseta de Ulldemolins o el Grau Gran en Albarca.<\/p>\n<p>Recomendamos hacer la ruta en Sant Bartomeu por el Congost del Fra Guerau, visitar el conjunto hist\u00f3rico y paisaj\u00edstico de <strong>Siurana<\/strong>, conocer la refrescante piscina del Toll de l\u2019Ou, visitar la <strong>Cartuja de Scaladei<\/strong> (cuna del Priorat) y adentraros en la Cueva de la Taverna, junto al embalse de Margalef.<\/p>\n<h2>Zona volc\u00e1nica de la Garrotxa<\/h2>\n<p><img loading=\"lazy\" decoding=\"async\" class=\"alignnone wp-image-14572 size-full\" src=\"https:\/\/www.estiber.com\/blog\/wp-content\/uploads\/2025\/09\/parques-naturales-cataluna-garrotxa.jpg\" alt=\"parques naturales catau\u00f1a\" width=\"750\" height=\"499\" srcset=\"https:\/\/www.estiber.com\/blog\/wp-content\/uploads\/2025\/09\/parques-naturales-cataluna-garrotxa.jpg 750w, https:\/\/www.estiber.com\/blog\/wp-content\/uploads\/2025\/09\/parques-naturales-cataluna-garrotxa-300x200.jpg 300w, https:\/\/www.estiber.com\/blog\/wp-content\/uploads\/2025\/09\/parques-naturales-cataluna-garrotxa-375x250.jpg 375w, https:\/\/www.estiber.com\/blog\/wp-content\/uploads\/2025\/09\/parques-naturales-cataluna-garrotxa-600x399.jpg 600w\" sizes=\"auto, (max-width: 750px) 100vw, 750px\" \/><\/p>\n<p>Este paraje tan peculiar es el <strong>mejor exponente de paisaje volc\u00e1nico de la Pen\u00ednsula Ib\u00e9rica<\/strong>. Y no es para menos: tiene unos 40 conos volc\u00e1nicos y m\u00e1s de 20 caladas de lavas bas\u00e1lticas. Tiene unas <strong>15.000 hect\u00e1reas de superficie<\/strong> y el 98% son de propiedad privada, por lo que hay que intentar molestar lo menos posible.<\/p>\n<p>Hay zonas de aparcamiento se\u00f1alizadas para hacer rutas y conocer el entorno: \u00e1rea de Can Serra y \u00e1rea de Santa Margarida. Desde ellas parten diferentes itinerarios para conocer este parque natural de Catalu\u00f1a.<\/p>\n<h2>Els Ports<\/h2>\n<p><img loading=\"lazy\" decoding=\"async\" class=\"alignnone wp-image-14573 size-full\" src=\"https:\/\/www.estiber.com\/blog\/wp-content\/uploads\/2025\/09\/parques-naturales-cataluna.ports_.jpg\" alt=\"\" width=\"750\" height=\"500\" srcset=\"https:\/\/www.estiber.com\/blog\/wp-content\/uploads\/2025\/09\/parques-naturales-cataluna.ports_.jpg 750w, https:\/\/www.estiber.com\/blog\/wp-content\/uploads\/2025\/09\/parques-naturales-cataluna.ports_-300x200.jpg 300w, https:\/\/www.estiber.com\/blog\/wp-content\/uploads\/2025\/09\/parques-naturales-cataluna.ports_-375x250.jpg 375w, https:\/\/www.estiber.com\/blog\/wp-content\/uploads\/2025\/09\/parques-naturales-cataluna.ports_-600x400.jpg 600w\" sizes=\"auto, (max-width: 750px) 100vw, 750px\" \/><\/p>\n<p>El <strong>macizo de Els Ports<\/strong> lo comparten las comunidades aut\u00f3nomas de <strong>Catalu\u00f1a, Comunitat Valenciana y Arag\u00f3n<\/strong>. Son monta\u00f1as de origen calc\u00e1reo, relieve escarpado y abrupto, de m\u00e1s de 35.000 hect\u00e1reas en su parte catalana.<\/p>\n<p>El municipio que tiene el principal punto de informaci\u00f3n de este parque natural de Catalu\u00f1a es Roquetes. Algunos de los enclaves que vale la pena conocer es la calzada \u00edbero-romana de Horta de Sant Joan; la Cova Pintada de Alfara de Carles; subir al pico m\u00e1s alto, el Mont Caro, de 1.447 metros; o subir al Tossal dels Tres Reis (1.356 metros), conocido por ser el lugar donde se reun\u00edan los tres reyes de los territorios colindantes durante la Edad Media.<\/p>\n<h2>Delta de l\u2019Ebre<\/h2>\n<p><img loading=\"lazy\" decoding=\"async\" class=\"alignnone wp-image-14574 size-full\" src=\"https:\/\/www.estiber.com\/blog\/wp-content\/uploads\/2025\/09\/parques-naturales-cataluna-delta-ebro.jpg\" alt=\"parques naturales catau\u00f1a\" width=\"750\" height=\"500\" srcset=\"https:\/\/www.estiber.com\/blog\/wp-content\/uploads\/2025\/09\/parques-naturales-cataluna-delta-ebro.jpg 750w, https:\/\/www.estiber.com\/blog\/wp-content\/uploads\/2025\/09\/parques-naturales-cataluna-delta-ebro-300x200.jpg 300w, https:\/\/www.estiber.com\/blog\/wp-content\/uploads\/2025\/09\/parques-naturales-cataluna-delta-ebro-375x250.jpg 375w, https:\/\/www.estiber.com\/blog\/wp-content\/uploads\/2025\/09\/parques-naturales-cataluna-delta-ebro-600x400.jpg 600w\" sizes=\"auto, (max-width: 750px) 100vw, 750px\" \/><\/p>\n<p>Bajamos de las alturas para conocer el h\u00e1bitat acu\u00e1tico m\u00e1s extenso de Catalu\u00f1a: el <strong>Delta de l\u2019Ebre<\/strong>. Hay muchos itinerarios sencillos, aptos para familias, para conocer todos los secretos y rincones del humedal, como el paseo fluvial del Deltebre, Ullals de Baltasar, Punta del Fangar o Bosc de Ribera.<\/p>\n<p>Vale la pena <strong>conocer la laguna de La Tancada<\/strong>, para observar flamencos; l\u2019Encanyissada, que es una gran pradera sumergida; o la punta de La Banya, que es la joya del parque y de acceso restringido.<\/p>\n","protected":false},"excerpt":{"rendered":"<p>Catalu\u00f1a tiene un paisaje natural muy diverso. Desde la costa hasta las monta\u00f1as del interior, algunas llenas de misticismo como Montserrat, y otras que son el sue\u00f1o de todo amante de las alturas, como los picos de los Pirineos. Hay hasta 165 espacios de especial valor ecol\u00f3gico que est\u00e1n protegidos y que ocupan el 30% <a class=\"read-more\" href=\"https:\/\/www.estiber.com\/blog\/parques-naturales-de-cataluna-los-10-que-no-te-puedes-perder\/\">&#8230;<\/a><\/p>\n","protected":false},"author":1,"featured_media":14564,"comment_status":"closed","ping_status":"open","sticky":false,"template":"","format":"standard","meta":{"footnotes":""},"categories":[2],"tags":[],"class_list":{"0":"post-14562","1":"post","2":"type-post","3":"status-publish","4":"format-standard","5":"has-post-thumbnail","6":"hentry","7":"category-noticias","9":"with-featured-image"},"yoast_head":"<!-- This site is optimized with the Yoast SEO plugin v27.0 - https:\/\/yoast.com\/product\/yoast-seo-wordpress\/ -->\n<title>Parques naturales de Catalu\u00f1a: los 10 que no te puedes perder<\/title>\n<meta name=\"description\" content=\"Son muchos los parques naturales de Catalu\u00f1a. Descubre aqu\u00ed los m\u00e1s importantes y no te pierdas ning\u00fan detalle para visitarlos.\" \/>\n<meta name=\"robots\" content=\"index, follow, max-snippet:-1, max-image-preview:large, max-video-preview:-1\" \/>\n<link rel=\"canonical\" href=\"https:\/\/www.estiber.com\/blog\/parques-naturales-de-cataluna-los-10-que-no-te-puedes-perder\/\" \/>\n<meta property=\"og:locale\" content=\"es_ES\" \/>\n<meta property=\"og:type\" content=\"article\" \/>\n<meta property=\"og:title\" content=\"Parques naturales de Catalu\u00f1a: los 10 que no te puedes perder\" \/>\n<meta property=\"og:description\" content=\"Son muchos los parques naturales de Catalu\u00f1a. Descubre aqu\u00ed los m\u00e1s importantes y no te pierdas ning\u00fan detalle para visitarlos.\" \/>\n<meta property=\"og:url\" content=\"https:\/\/www.estiber.com\/blog\/parques-naturales-de-cataluna-los-10-que-no-te-puedes-perder\/\" \/>\n<meta property=\"og:site_name\" content=\"Blog Estiber\" \/>\n<meta property=\"article:publisher\" content=\"https:\/\/www.facebook.com\/estiberviajes\" \/>\n<meta property=\"article:published_time\" content=\"2025-09-26T07:30:39+00:00\" \/>\n<meta property=\"og:image\" content=\"https:\/\/www.estiber.com\/blog\/wp-content\/uploads\/2025\/09\/parques-naturales-cataluna.jpg\" \/>\n\t<meta property=\"og:image:width\" content=\"750\" \/>\n\t<meta property=\"og:image:height\" content=\"500\" \/>\n\t<meta property=\"og:image:type\" content=\"image\/jpeg\" \/>\n<meta name=\"author\" content=\"Viajes Estiber\" \/>\n<meta name=\"twitter:card\" content=\"summary_large_image\" \/>\n<meta name=\"twitter:creator\" content=\"@estiberviajes\" \/>\n<meta name=\"twitter:site\" content=\"@estiberviajes\" \/>\n<meta name=\"twitter:label1\" content=\"Escrito por\" \/>\n\t<meta name=\"twitter:data1\" content=\"Viajes Estiber\" \/>\n\t<meta name=\"twitter:label2\" content=\"Tiempo de lectura\" \/>\n\t<meta name=\"twitter:data2\" content=\"8 minutos\" \/>\n<script type=\"application\/ld+json\" class=\"yoast-schema-graph\">{\"@context\":\"https:\/\/schema.org\",\"@graph\":[{\"@type\":\"Article\",\"@id\":\"https:\/\/www.estiber.com\/blog\/parques-naturales-de-cataluna-los-10-que-no-te-puedes-perder\/#article\",\"isPartOf\":{\"@id\":\"https:\/\/www.estiber.com\/blog\/parques-naturales-de-cataluna-los-10-que-no-te-puedes-perder\/\"},\"author\":{\"name\":\"Viajes Estiber\",\"@id\":\"https:\/\/www.estiber.com\/blog\/#\/schema\/person\/9b06974be0d71f639d2b3d7b67ef345a\"},\"headline\":\"Parques naturales de Catalu\u00f1a: los 10 que no te puedes perder\",\"datePublished\":\"2025-09-26T07:30:39+00:00\",\"mainEntityOfPage\":{\"@id\":\"https:\/\/www.estiber.com\/blog\/parques-naturales-de-cataluna-los-10-que-no-te-puedes-perder\/\"},\"wordCount\":1395,\"publisher\":{\"@id\":\"https:\/\/www.estiber.com\/blog\/#organization\"},\"image\":{\"@id\":\"https:\/\/www.estiber.com\/blog\/parques-naturales-de-cataluna-los-10-que-no-te-puedes-perder\/#primaryimage\"},\"thumbnailUrl\":\"https:\/\/www.estiber.com\/blog\/wp-content\/uploads\/2025\/09\/parques-naturales-cataluna.jpg\",\"articleSection\":[\"Noticias\"],\"inLanguage\":\"es\"},{\"@type\":\"WebPage\",\"@id\":\"https:\/\/www.estiber.com\/blog\/parques-naturales-de-cataluna-los-10-que-no-te-puedes-perder\/\",\"url\":\"https:\/\/www.estiber.com\/blog\/parques-naturales-de-cataluna-los-10-que-no-te-puedes-perder\/\",\"name\":\"Parques naturales de Catalu\u00f1a: los 10 que no te puedes perder\",\"isPartOf\":{\"@id\":\"https:\/\/www.estiber.com\/blog\/#website\"},\"primaryImageOfPage\":{\"@id\":\"https:\/\/www.estiber.com\/blog\/parques-naturales-de-cataluna-los-10-que-no-te-puedes-perder\/#primaryimage\"},\"image\":{\"@id\":\"https:\/\/www.estiber.com\/blog\/parques-naturales-de-cataluna-los-10-que-no-te-puedes-perder\/#primaryimage\"},\"thumbnailUrl\":\"https:\/\/www.estiber.com\/blog\/wp-content\/uploads\/2025\/09\/parques-naturales-cataluna.jpg\",\"datePublished\":\"2025-09-26T07:30:39+00:00\",\"description\":\"Son muchos los parques naturales de Catalu\u00f1a. Descubre aqu\u00ed los m\u00e1s importantes y no te pierdas ning\u00fan detalle para visitarlos.\",\"breadcrumb\":{\"@id\":\"https:\/\/www.estiber.com\/blog\/parques-naturales-de-cataluna-los-10-que-no-te-puedes-perder\/#breadcrumb\"},\"inLanguage\":\"es\",\"potentialAction\":[{\"@type\":\"ReadAction\",\"target\":[\"https:\/\/www.estiber.com\/blog\/parques-naturales-de-cataluna-los-10-que-no-te-puedes-perder\/\"]}]},{\"@type\":\"ImageObject\",\"inLanguage\":\"es\",\"@id\":\"https:\/\/www.estiber.com\/blog\/parques-naturales-de-cataluna-los-10-que-no-te-puedes-perder\/#primaryimage\",\"url\":\"https:\/\/www.estiber.com\/blog\/wp-content\/uploads\/2025\/09\/parques-naturales-cataluna.jpg\",\"contentUrl\":\"https:\/\/www.estiber.com\/blog\/wp-content\/uploads\/2025\/09\/parques-naturales-cataluna.jpg\",\"width\":750,\"height\":500},{\"@type\":\"BreadcrumbList\",\"@id\":\"https:\/\/www.estiber.com\/blog\/parques-naturales-de-cataluna-los-10-que-no-te-puedes-perder\/#breadcrumb\",\"itemListElement\":[{\"@type\":\"ListItem\",\"position\":1,\"name\":\"Portada\",\"item\":\"https:\/\/www.estiber.com\/blog\/\"},{\"@type\":\"ListItem\",\"position\":2,\"name\":\"Parques naturales de Catalu\u00f1a: los 10 que no te puedes perder\"}]},{\"@type\":\"WebSite\",\"@id\":\"https:\/\/www.estiber.com\/blog\/#website\",\"url\":\"https:\/\/www.estiber.com\/blog\/\",\"name\":\"Blog Estiber\",\"description\":\"\",\"publisher\":{\"@id\":\"https:\/\/www.estiber.com\/blog\/#organization\"},\"potentialAction\":[{\"@type\":\"SearchAction\",\"target\":{\"@type\":\"EntryPoint\",\"urlTemplate\":\"https:\/\/www.estiber.com\/blog\/?s={search_term_string}\"},\"query-input\":{\"@type\":\"PropertyValueSpecification\",\"valueRequired\":true,\"valueName\":\"search_term_string\"}}],\"inLanguage\":\"es\"},{\"@type\":\"Organization\",\"@id\":\"https:\/\/www.estiber.com\/blog\/#organization\",\"name\":\"Viajes Estiber\",\"url\":\"https:\/\/www.estiber.com\/blog\/\",\"logo\":{\"@type\":\"ImageObject\",\"inLanguage\":\"es\",\"@id\":\"https:\/\/www.estiber.com\/blog\/#\/schema\/logo\/image\/\",\"url\":\"https:\/\/www.estiber.com\/blog\/wp-content\/uploads\/2017\/05\/estiber-ofertas-esqui-2.jpg\",\"contentUrl\":\"https:\/\/www.estiber.com\/blog\/wp-content\/uploads\/2017\/05\/estiber-ofertas-esqui-2.jpg\",\"width\":800,\"height\":800,\"caption\":\"Viajes Estiber\"},\"image\":{\"@id\":\"https:\/\/www.estiber.com\/blog\/#\/schema\/logo\/image\/\"},\"sameAs\":[\"https:\/\/www.facebook.com\/estiberviajes\",\"https:\/\/x.com\/estiberviajes\",\"https:\/\/www.instagram.com\/estiberviajes\/\",\"https:\/\/www.pinterest.com\/estiberviajes\/\"]},{\"@type\":\"Person\",\"@id\":\"https:\/\/www.estiber.com\/blog\/#\/schema\/person\/9b06974be0d71f639d2b3d7b67ef345a\",\"name\":\"Viajes Estiber\",\"image\":{\"@type\":\"ImageObject\",\"inLanguage\":\"es\",\"@id\":\"https:\/\/www.estiber.com\/blog\/#\/schema\/person\/image\/\",\"url\":\"https:\/\/secure.gravatar.com\/avatar\/051495a22a5ce727b6909eb86316af3cfcc7b5e4dea54b863ed8d2281ec15d4a?s=96&d=mm&r=g\",\"contentUrl\":\"https:\/\/secure.gravatar.com\/avatar\/051495a22a5ce727b6909eb86316af3cfcc7b5e4dea54b863ed8d2281ec15d4a?s=96&d=mm&r=g\",\"caption\":\"Viajes Estiber\"},\"description\":\"Ofertas de esqu\u00ed en Andorra, Alpes, Pirineo y Sierra Nevada. Encuentra ofertas de ski hotel m\u00e1s forfait y viajes de esqu\u00ed al mejor precio.\",\"url\":\"https:\/\/www.estiber.com\/blog\/author\/estiber\/\"}]}<\/script>\n<!-- \/ Yoast SEO plugin. -->","yoast_head_json":{"title":"Parques naturales de Catalu\u00f1a: los 10 que no te puedes perder","description":"Son muchos los parques naturales de Catalu\u00f1a. Descubre aqu\u00ed los m\u00e1s importantes y no te pierdas ning\u00fan detalle para visitarlos.","robots":{"index":"index","follow":"follow","max-snippet":"max-snippet:-1","max-image-preview":"max-image-preview:large","max-video-preview":"max-video-preview:-1"},"canonical":"https:\/\/www.estiber.com\/blog\/parques-naturales-de-cataluna-los-10-que-no-te-puedes-perder\/","og_locale":"es_ES","og_type":"article","og_title":"Parques naturales de Catalu\u00f1a: los 10 que no te puedes perder","og_description":"Son muchos los parques naturales de Catalu\u00f1a. Descubre aqu\u00ed los m\u00e1s importantes y no te pierdas ning\u00fan detalle para visitarlos.","og_url":"https:\/\/www.estiber.com\/blog\/parques-naturales-de-cataluna-los-10-que-no-te-puedes-perder\/","og_site_name":"Blog Estiber","article_publisher":"https:\/\/www.facebook.com\/estiberviajes","article_published_time":"2025-09-26T07:30:39+00:00","og_image":[{"width":750,"height":500,"url":"https:\/\/www.estiber.com\/blog\/wp-content\/uploads\/2025\/09\/parques-naturales-cataluna.jpg","type":"image\/jpeg"}],"author":"Viajes Estiber","twitter_card":"summary_large_image","twitter_creator":"@estiberviajes","twitter_site":"@estiberviajes","twitter_misc":{"Escrito por":"Viajes Estiber","Tiempo de lectura":"8 minutos"},"schema":{"@context":"https:\/\/schema.org","@graph":[{"@type":"Article","@id":"https:\/\/www.estiber.com\/blog\/parques-naturales-de-cataluna-los-10-que-no-te-puedes-perder\/#article","isPartOf":{"@id":"https:\/\/www.estiber.com\/blog\/parques-naturales-de-cataluna-los-10-que-no-te-puedes-perder\/"},"author":{"name":"Viajes Estiber","@id":"https:\/\/www.estiber.com\/blog\/#\/schema\/person\/9b06974be0d71f639d2b3d7b67ef345a"},"headline":"Parques naturales de Catalu\u00f1a: los 10 que no te puedes perder","datePublished":"2025-09-26T07:30:39+00:00","mainEntityOfPage":{"@id":"https:\/\/www.estiber.com\/blog\/parques-naturales-de-cataluna-los-10-que-no-te-puedes-perder\/"},"wordCount":1395,"publisher":{"@id":"https:\/\/www.estiber.com\/blog\/#organization"},"image":{"@id":"https:\/\/www.estiber.com\/blog\/parques-naturales-de-cataluna-los-10-que-no-te-puedes-perder\/#primaryimage"},"thumbnailUrl":"https:\/\/www.estiber.com\/blog\/wp-content\/uploads\/2025\/09\/parques-naturales-cataluna.jpg","articleSection":["Noticias"],"inLanguage":"es"},{"@type":"WebPage","@id":"https:\/\/www.estiber.com\/blog\/parques-naturales-de-cataluna-los-10-que-no-te-puedes-perder\/","url":"https:\/\/www.estiber.com\/blog\/parques-naturales-de-cataluna-los-10-que-no-te-puedes-perder\/","name":"Parques naturales de Catalu\u00f1a: los 10 que no te puedes perder","isPartOf":{"@id":"https:\/\/www.estiber.com\/blog\/#website"},"primaryImageOfPage":{"@id":"https:\/\/www.estiber.com\/blog\/parques-naturales-de-cataluna-los-10-que-no-te-puedes-perder\/#primaryimage"},"image":{"@id":"https:\/\/www.estiber.com\/blog\/parques-naturales-de-cataluna-los-10-que-no-te-puedes-perder\/#primaryimage"},"thumbnailUrl":"https:\/\/www.estiber.com\/blog\/wp-content\/uploads\/2025\/09\/parques-naturales-cataluna.jpg","datePublished":"2025-09-26T07:30:39+00:00","description":"Son muchos los parques naturales de Catalu\u00f1a. Descubre aqu\u00ed los m\u00e1s importantes y no te pierdas ning\u00fan detalle para visitarlos.","breadcrumb":{"@id":"https:\/\/www.estiber.com\/blog\/parques-naturales-de-cataluna-los-10-que-no-te-puedes-perder\/#breadcrumb"},"inLanguage":"es","potentialAction":[{"@type":"ReadAction","target":["https:\/\/www.estiber.com\/blog\/parques-naturales-de-cataluna-los-10-que-no-te-puedes-perder\/"]}]},{"@type":"ImageObject","inLanguage":"es","@id":"https:\/\/www.estiber.com\/blog\/parques-naturales-de-cataluna-los-10-que-no-te-puedes-perder\/#primaryimage","url":"https:\/\/www.estiber.com\/blog\/wp-content\/uploads\/2025\/09\/parques-naturales-cataluna.jpg","contentUrl":"https:\/\/www.estiber.com\/blog\/wp-content\/uploads\/2025\/09\/parques-naturales-cataluna.jpg","width":750,"height":500},{"@type":"BreadcrumbList","@id":"https:\/\/www.estiber.com\/blog\/parques-naturales-de-cataluna-los-10-que-no-te-puedes-perder\/#breadcrumb","itemListElement":[{"@type":"ListItem","position":1,"name":"Portada","item":"https:\/\/www.estiber.com\/blog\/"},{"@type":"ListItem","position":2,"name":"Parques naturales de Catalu\u00f1a: los 10 que no te puedes perder"}]},{"@type":"WebSite","@id":"https:\/\/www.estiber.com\/blog\/#website","url":"https:\/\/www.estiber.com\/blog\/","name":"Blog Estiber","description":"","publisher":{"@id":"https:\/\/www.estiber.com\/blog\/#organization"},"potentialAction":[{"@type":"SearchAction","target":{"@type":"EntryPoint","urlTemplate":"https:\/\/www.estiber.com\/blog\/?s={search_term_string}"},"query-input":{"@type":"PropertyValueSpecification","valueRequired":true,"valueName":"search_term_string"}}],"inLanguage":"es"},{"@type":"Organization","@id":"https:\/\/www.estiber.com\/blog\/#organization","name":"Viajes Estiber","url":"https:\/\/www.estiber.com\/blog\/","logo":{"@type":"ImageObject","inLanguage":"es","@id":"https:\/\/www.estiber.com\/blog\/#\/schema\/logo\/image\/","url":"https:\/\/www.estiber.com\/blog\/wp-content\/uploads\/2017\/05\/estiber-ofertas-esqui-2.jpg","contentUrl":"https:\/\/www.estiber.com\/blog\/wp-content\/uploads\/2017\/05\/estiber-ofertas-esqui-2.jpg","width":800,"height":800,"caption":"Viajes Estiber"},"image":{"@id":"https:\/\/www.estiber.com\/blog\/#\/schema\/logo\/image\/"},"sameAs":["https:\/\/www.facebook.com\/estiberviajes","https:\/\/x.com\/estiberviajes","https:\/\/www.instagram.com\/estiberviajes\/","https:\/\/www.pinterest.com\/estiberviajes\/"]},{"@type":"Person","@id":"https:\/\/www.estiber.com\/blog\/#\/schema\/person\/9b06974be0d71f639d2b3d7b67ef345a","name":"Viajes Estiber","image":{"@type":"ImageObject","inLanguage":"es","@id":"https:\/\/www.estiber.com\/blog\/#\/schema\/person\/image\/","url":"https:\/\/secure.gravatar.com\/avatar\/051495a22a5ce727b6909eb86316af3cfcc7b5e4dea54b863ed8d2281ec15d4a?s=96&d=mm&r=g","contentUrl":"https:\/\/secure.gravatar.com\/avatar\/051495a22a5ce727b6909eb86316af3cfcc7b5e4dea54b863ed8d2281ec15d4a?s=96&d=mm&r=g","caption":"Viajes Estiber"},"description":"Ofertas de esqu\u00ed en Andorra, Alpes, Pirineo y Sierra Nevada. Encuentra ofertas de ski hotel m\u00e1s forfait y viajes de esqu\u00ed al mejor precio.","url":"https:\/\/www.estiber.com\/blog\/author\/estiber\/"}]}},"_links":{"self":[{"href":"https:\/\/www.estiber.com\/blog\/wp-json\/wp\/v2\/posts\/14562","targetHints":{"allow":["GET"]}}],"collection":[{"href":"https:\/\/www.estiber.com\/blog\/wp-json\/wp\/v2\/posts"}],"about":[{"href":"https:\/\/www.estiber.com\/blog\/wp-json\/wp\/v2\/types\/post"}],"author":[{"embeddable":true,"href":"https:\/\/www.estiber.com\/blog\/wp-json\/wp\/v2\/users\/1"}],"replies":[{"embeddable":true,"href":"https:\/\/www.estiber.com\/blog\/wp-json\/wp\/v2\/comments?post=14562"}],"version-history":[{"count":6,"href":"https:\/\/www.estiber.com\/blog\/wp-json\/wp\/v2\/posts\/14562\/revisions"}],"predecessor-version":[{"id":14579,"href":"https:\/\/www.estiber.com\/blog\/wp-json\/wp\/v2\/posts\/14562\/revisions\/14579"}],"wp:featuredmedia":[{"embeddable":true,"href":"https:\/\/www.estiber.com\/blog\/wp-json\/wp\/v2\/media\/14564"}],"wp:attachment":[{"href":"https:\/\/www.estiber.com\/blog\/wp-json\/wp\/v2\/media?parent=14562"}],"wp:term":[{"taxonomy":"category","embeddable":true,"href":"https:\/\/www.estiber.com\/blog\/wp-json\/wp\/v2\/categories?post=14562"},{"taxonomy":"post_tag","embeddable":true,"href":"https:\/\/www.estiber.com\/blog\/wp-json\/wp\/v2\/tags?post=14562"}],"curies":[{"name":"wp","href":"https:\/\/api.w.org\/{rel}","templated":true}]}}