{"id":12239,"date":"2024-04-23T14:33:00","date_gmt":"2024-04-23T14:33:00","guid":{"rendered":"https:\/\/www.estiber.com\/blog\/?p=12239"},"modified":"2024-06-06T07:49:29","modified_gmt":"2024-06-06T07:49:29","slug":"sublim-cirque-du-soleil","status":"publish","type":"post","link":"https:\/\/www.estiber.com\/blog\/sublim-cirque-du-soleil\/","title":{"rendered":"Sublim Cirque du Soleil, vuelve una nueva edici\u00f3n a Andorra"},"content":{"rendered":"<p>\u00a1Vuelve el Cirque du Soleil! Y lo har\u00e1 con un nuevo espect\u00e1culo que suena muy prometedor: <strong>SUBLIM de Cirque du Soleil<\/strong>. Ser\u00e1 completamente nuevo y \u00fanico y lo podr\u00e1s ver este verano 2024. <strong>Moda y alta costura<\/strong>, elegancia, extravagancia, glamour, acrobacias\u2026 son algunos de los ingredientes que tendr\u00e1 una actuaci\u00f3n que no dejar\u00e1 a nadie indiferente. No te pierdas este nuevo evento en tu pr\u00f3ximo viaje de <a href=\"https:\/\/www.estiber.com\/es_ES\/Cirque-du-soleil-andorra\">hotel + entradas al Cirque du Soleil en Andorra.<\/a><\/p>\n<p>Los espect\u00e1culos de la compa\u00f1\u00eda canadiense siempre han dado de qu\u00e9 hablar y esta vez no ser\u00e1 menos. <strong>Conoce aqu\u00ed todos los detalles<\/strong> para no perderte el nuevo show en el que <strong>la alta costura cobrar\u00e1 vida<\/strong> de una forma sorprendente: de qu\u00e9 va la historia, cu\u00e1ndo se realizar\u00e1n las funciones, qu\u00e9 tipos de entradas hay, qu\u00e9 servicios habr\u00e1 en las funciones\u2026<\/p>\n<p><iframe loading=\"lazy\" title=\"Alegr\u00eda | Show Trailer | Cirque du Soleil\" width=\"925\" height=\"520\" src=\"https:\/\/www.youtube.com\/embed\/snZ1yDnVhfU?feature=oembed\" frameborder=\"0\" allow=\"accelerometer; autoplay; clipboard-write; encrypted-media; gyroscope; picture-in-picture; web-share\" referrerpolicy=\"strict-origin-when-cross-origin\" allowfullscreen><\/iframe><\/p>\n<h2>C\u00f3mo es el espect\u00e1culo de Sublim de Cirque du Soleil<\/h2>\n<p><img loading=\"lazy\" decoding=\"async\" class=\"alignnone wp-image-12249 size-full\" src=\"https:\/\/www.estiber.com\/blog\/wp-content\/uploads\/2024\/04\/cirque-du-soleil-0001.jpg\" alt=\"sublime cirque du soleil\" width=\"750\" height=\"500\" srcset=\"https:\/\/www.estiber.com\/blog\/wp-content\/uploads\/2024\/04\/cirque-du-soleil-0001.jpg 750w, https:\/\/www.estiber.com\/blog\/wp-content\/uploads\/2024\/04\/cirque-du-soleil-0001-300x200.jpg 300w, https:\/\/www.estiber.com\/blog\/wp-content\/uploads\/2024\/04\/cirque-du-soleil-0001-375x250.jpg 375w, https:\/\/www.estiber.com\/blog\/wp-content\/uploads\/2024\/04\/cirque-du-soleil-0001-600x400.jpg 600w\" sizes=\"auto, (max-width: 750px) 100vw, 750px\" \/><\/p>\n<p>Los espect\u00e1culos del <strong>Cirque du Soleil<\/strong>\u00a0siempre han cosechado grandes \u00e9xitos. <strong>Anteriormente han tra\u00eddo los shows Scalada, Diva, Rebel, M\u016aV y FESTA<\/strong>, siempre con una buena respuesta de p\u00fablico y cr\u00edtica. Ahora vienen con un show exclusivo: Sublim.<\/p>\n<p>La historia de <strong>Sublim de Cirque du Soleil<\/strong> nos lleva a <strong>conocer a un dise\u00f1ador<\/strong> de alta costura <strong>que est\u00e1 en la c\u00faspide de su carrera<\/strong> y ahora se prepara para hacer su \u00faltima reverencia. Sin embargo, no le saldr\u00e1 conforme lo ten\u00eda planeado.<\/p>\n<p>Y es que cuando est\u00e1 a punto de cerrar la tienda donde tanta moda ha ideado, <strong>los maniqu\u00edes cobran vida<\/strong> de forma misteriosa. Entonces inician una serie de n\u00fameros acrob\u00e1ticos llenos de color y reconstruyen el recorrido profesional y creativo del modista, desde sus inicios hasta sus grandes colecciones.<\/p>\n<p>En el espect\u00e1culo Sublim <strong>reviviremos los recuerdos del modista de alta costura<\/strong>, en los que sus creaciones cobran vida con un desfile de moda de lo m\u00e1s extravagante. Las temporadas van pasando y su arte culminar\u00e1 en una \u00faltima actuaci\u00f3n acrob\u00e1tica que promete capturar la belleza de la moda e inspirar las nuevas generaciones de creadores, dejando un legado muy vivo y vibrante. Estos son todos los <strong>elementos<\/strong> <strong>que tendr\u00e1 el show<\/strong> de Sublim:<\/p>\n<ul>\n<li><strong>Personajes<\/strong>. Los <strong>protagonistas<\/strong> de la actuaci\u00f3n son: el <strong>dise\u00f1ador<\/strong> de moda de 60 a\u00f1os que ve el final de su carrera; su <strong>musa<\/strong> principal, que es una exmodelo c\u00f3mica, sensible y conmovedora que se ha convertido en presentadora de radio y que tuvo una breve historia de amor con el modisto; y otros <strong>modelos<\/strong> y el <strong>ayudante<\/strong>, que inspirar\u00e1n la obra del creador con sus locuras y excentricidades.<\/li>\n<li><strong>Escenograf\u00eda<\/strong>. Combina materiales y vol\u00famenes con <strong>elegancia y sofisticaci\u00f3n<\/strong>. Se representar\u00e1 la fachada de la tienda de moda con cortinas de cuerdas que le dan una fluidez org\u00e1nica. En el centro estar\u00e1 el escaparate, un elemento de decoraci\u00f3n que ir\u00e1 cambiando y que har\u00e1 tanto de tienda como de taller de costura. A los lados, unas pasarelas que crear\u00e1n una relaci\u00f3n \u00edntima escena-habitaci\u00f3n.<\/li>\n<li><strong>M\u00fasica<\/strong>. Por supuesto, lo que sonar\u00e1 en <strong>Sublim<\/strong> est\u00e1 inspirado en el repertorio del Cirque du Soleil, <strong>con mucha presencia de instrumentos de cuerda<\/strong>. El ambiente musical ser\u00e1 \u00e9pico, casi l\u00edrico, y seguir\u00e1 hacia melod\u00edas m\u00e1s percusivas, r\u00edtmicas y festivas. Tambi\u00e9n habr\u00e1 una cantante que interpretar\u00e1 canciones en directo sobre el escenario.<\/li>\n<li><strong>Vestuario<\/strong>. El cuerpo humano est\u00e1 en el centro del espect\u00e1culo Sublim de Andorra, con unos <strong>maniqu\u00edes que van ganando color, brillo y volumen <\/strong>a medida que avanzan las escenas. Habr\u00e1 tules, joyas, seda, perlas y mucho m\u00e1s para configurar un vestuario extravagante con colores que van del azul al amarillo o el fucsia.<\/li>\n<li><strong>Acrobacias<\/strong>. El espect\u00e1culo tendr\u00e1 10 actuaciones con n\u00fameros conmovedores de mucha clase y habilidad, entre la emoci\u00f3n y la explosi\u00f3n, la poes\u00eda y la destreza.<\/li>\n<li><strong>Equipo t\u00e9cnico<\/strong>. Detr\u00e1s del nuevo show in\u00e9dito de Cirque du Soleil est\u00e1 el <strong>director creativo, Gabriel Dub\u00e9-Dupuis<\/strong>; el director de espect\u00e1culos, Oriol Tomas; el arreglador musical y de efectos sonoros, Antoine Seychal; la dise\u00f1adora de actuaciones y asistente de realizaci\u00f3n, Edesia Moreno Barata; la dise\u00f1adora de maquillaje, Gabrielle Brulotte; la escen\u00f3grafa Genevi\u00e8ve Lizotte; el dise\u00f1ador de iluminaci\u00f3n, \u00c9tienne Boucher; el dise\u00f1ador de vestuario, S\u00e9bastien Dionne; el core\u00f3grafo Ernesto Camilo Vald\u00e9s; y el dise\u00f1ador de atrezzo, C\u00e9dric Lord.<\/li>\n<\/ul>\n<h2>\u00bfCu\u00e1ndo y d\u00f3nde se har\u00e1 Sublim de Cirque du Soleil?<\/h2>\n<p><img loading=\"lazy\" decoding=\"async\" class=\"alignnone wp-image-12251 size-full\" src=\"https:\/\/www.estiber.com\/blog\/wp-content\/uploads\/2024\/04\/23_13758_rsd_anniversary_1430x580.jpg\" alt=\"sublime cirque du soleil\" width=\"750\" height=\"500\" srcset=\"https:\/\/www.estiber.com\/blog\/wp-content\/uploads\/2024\/04\/23_13758_rsd_anniversary_1430x580.jpg 750w, https:\/\/www.estiber.com\/blog\/wp-content\/uploads\/2024\/04\/23_13758_rsd_anniversary_1430x580-300x200.jpg 300w, https:\/\/www.estiber.com\/blog\/wp-content\/uploads\/2024\/04\/23_13758_rsd_anniversary_1430x580-375x250.jpg 375w, https:\/\/www.estiber.com\/blog\/wp-content\/uploads\/2024\/04\/23_13758_rsd_anniversary_1430x580-600x400.jpg 600w\" sizes=\"auto, (max-width: 750px) 100vw, 750px\" \/><\/p>\n<p>El espect\u00e1culo de <strong>Sublim de Cirque du Soleil<\/strong>\u00a0ser\u00e1 exclusivo para este peque\u00f1o pa\u00eds pireinaico. Es decir, que no lo podr\u00e1s ver en otro sitio. As\u00ed que no valen las excusas de: \u201cBueno, ya lo ver\u00e9 cuando vengan aqu\u00ed\u2026\u201d. Solo se har\u00e1 esta sorprendente actuaci\u00f3n <strong>del 6 de julio al 4 de agosto de 2024<\/strong>. Concretamente, se har\u00e1 todos los martes, mi\u00e9rcoles, jueves, viernes y s\u00e1bados de esas fechas, as\u00ed como una \u00faltima funci\u00f3n el domingo 4 de agosto.<\/p>\n<p>El show Sublim de Cirque du Soleil <strong>comenzar\u00e1 todos los d\u00edas a las 22 horas y dura unos 60 minutos<\/strong>. Te recomendamos ir con bastante antelaci\u00f3n a la actuaci\u00f3n; no solo para no ir con prisas y tomar asiento con calma, sino porque tambi\u00e9n hay animaci\u00f3n antes del inicio del espect\u00e1culo (20 minutos antes) que vale la pena ver.<\/p>\n<p>La ubicaci\u00f3n del nuevo y exclusivo espect\u00e1culo Sublim es muy c\u00e9ntrica, as\u00ed que no necesitar\u00e1s coger ning\u00fan transporte para ir a verlo si te alojas en la capital, <strong>Andorra la Vella<\/strong>. Se har\u00e1 en el aparcamiento de <strong>Prada Casadet<\/strong>, que est\u00e1 enfrente del edificio del <strong>Gobierno de Andorra<\/strong>, en pleno centro de la ciudad. Se puede llegar mediante las indicaciones de la propia web oficial del circo, aunque si tu duda es <a href=\"https:\/\/www.estiber.com\/blog\/como-llegar-a-andorra\/\">c\u00f3mo llegar a Andorra<\/a>, no debes preocuparte proque se trata de un pa\u00eds muy bien comunicado, ya sea mediante carretara, tren o avi\u00f3n. El espacio del espect\u00e1culo cuenta con un aforo de 3.400 personas por funci\u00f3n.<\/p>\n<p>Por ello, si tu intenci\u00f3n es pasar unos d\u00edas en Andorra, te recomendamos que te alojes el <a href=\"https:\/\/www.estiber.com\/es_ES\/hotel\/hotel-andorra-park-andorra-la-vella\">Andorra Park Hotel<\/a>, un alojamiento de 5 estrellas situado muy cerca del gran espect\u00e1culo. Es uno de los <a href=\"https:\/\/www.estiber.com\/blog\/hoteles-de-montana-espana-andorra\/\">hoteles de monta\u00f1a en Andorra<\/a>, m\u00e1s conocidos y bonitos. Aunque, hay una gran variedad de sitios donde descansar y hacer noche, desde <a href=\"https:\/\/www.estiber.com\/blog\/los-mejores-campings-de-andorra\/\">los mejores campings de Andorra,<\/a> como el <a href=\"https:\/\/www.estiber.com\/es_ES\/apartamento\/bungalows-xixerella-park-erts\">camping Xixerella<\/a>, hasta <a href=\"https:\/\/www.estiber.com\/blog\/los-mejores-resorts-de-andorra\/\">los mejores resorts de Andorra<\/a>, como el <a href=\"https:\/\/www.estiber.com\/es_ES\/hotel\/sport-hotel-hermitage-spa-soldeu\">Sport Hotel Hermitage<\/a>.<\/p>\n<h2>Las entradas para ir a Sublim<\/h2>\n<p><img loading=\"lazy\" decoding=\"async\" class=\"alignnone wp-image-12252 size-full\" src=\"https:\/\/www.estiber.com\/blog\/wp-content\/uploads\/2024\/04\/crystal_highlights_hand_trapeze_942x570.jpg\" alt=\"sublime cirque du soleil\" width=\"750\" height=\"500\" srcset=\"https:\/\/www.estiber.com\/blog\/wp-content\/uploads\/2024\/04\/crystal_highlights_hand_trapeze_942x570.jpg 750w, https:\/\/www.estiber.com\/blog\/wp-content\/uploads\/2024\/04\/crystal_highlights_hand_trapeze_942x570-300x200.jpg 300w, https:\/\/www.estiber.com\/blog\/wp-content\/uploads\/2024\/04\/crystal_highlights_hand_trapeze_942x570-375x250.jpg 375w, https:\/\/www.estiber.com\/blog\/wp-content\/uploads\/2024\/04\/crystal_highlights_hand_trapeze_942x570-600x400.jpg 600w\" sizes=\"auto, (max-width: 750px) 100vw, 750px\" \/><\/p>\n<p>Como ves, hay muchas plazas en cada funci\u00f3n del nuevo espect\u00e1culo de <strong>Cirque du Soleil<\/strong>: hasta 3.500. Pero te recomendamos no esperar hasta el d\u00eda de antes para comprar las entradas de <strong>Sublim en Andorra<\/strong>, porque su exclusividad y todo lo que promete har\u00e1 que vuelen. Existen dos modalidades de tickets para ir a ver el show:<\/p>\n<ul>\n<li><strong>Entradas est\u00e1ndar<\/strong>. Van <strong>numeradas con asiento<\/strong> en platea o en la grada y se pueden comprar online o en las taquillas de Sublim en Andorra.<\/li>\n<li><strong>Paquete de hotel+entradas Sublime Cirque du Soleil<\/strong>. En Estiber, ofrecemos la posibilidad de adquirir un <strong>pack<\/strong> que incluya todo lo que necesitas para ir a ver el espect\u00e1culo y pasar algunos d\u00edas m\u00e1s, si quieres, en el pa\u00eds pirenaico. Te saldr\u00e1 m\u00e1s barato comprarlo todo junto y no hacer la reserva por separado del alojamiento y la entrada para Sublim. En este caso, las entradas van igualmente numeradas.<\/li>\n<\/ul>\n<p>Si viajas en familia, hay que decir que los menores de tres a\u00f1os pueden entrar gratuitamente. Eso s\u00ed, hay un doble requisito: l\u00f3gicamente, deben ir acompa\u00f1ados de una persona con entrada y no tendr\u00e1n butaca propia, sino que tendr\u00e1n que compartirla con un adulto. Asimismo, hay asientos adaptados para personas que van en silla de ruedas.<\/p>\n<h2>Servicios complementarios de Sublim Cirque du Soleil<\/h2>\n<p><img loading=\"lazy\" decoding=\"async\" class=\"alignnone wp-image-12253 size-full\" src=\"https:\/\/www.estiber.com\/blog\/wp-content\/uploads\/2024\/04\/deals_share_1200x630.jpg\" alt=\"sublime cirque du soleil\" width=\"750\" height=\"500\" srcset=\"https:\/\/www.estiber.com\/blog\/wp-content\/uploads\/2024\/04\/deals_share_1200x630.jpg 750w, https:\/\/www.estiber.com\/blog\/wp-content\/uploads\/2024\/04\/deals_share_1200x630-300x200.jpg 300w, https:\/\/www.estiber.com\/blog\/wp-content\/uploads\/2024\/04\/deals_share_1200x630-375x250.jpg 375w, https:\/\/www.estiber.com\/blog\/wp-content\/uploads\/2024\/04\/deals_share_1200x630-600x400.jpg 600w\" sizes=\"auto, (max-width: 750px) 100vw, 750px\" \/><\/p>\n<p>Como dec\u00edamos antes, recomendamos ir con tiempo a la funci\u00f3n de<strong> Sublim de Cirque du Soleil <\/strong>para vivir el ambiente previo. Adem\u00e1s, hay que decir que el mismo recinto del espect\u00e1culo contar\u00e1 con algunos servicios que har\u00e1n la espera m\u00e1s amena. Habr\u00e1 una <strong>zona de restauraci\u00f3n<\/strong> donde se podr\u00e1n comprar bebidas y comida y que abrir\u00e1 a las 20.30 horas.<\/p>\n<p>Si te quieres liberar de algunos objetos durante la funci\u00f3n, habr\u00e1<strong> servicio de consigna<\/strong> (costar\u00e1 un euro por paquete o elemento guardado). Asimismo, si te has enamorado de la belleza de la actuaci\u00f3n, <strong>podr\u00e1s llevarte un recuerdo<\/strong> de Sublim Cirque du Soleil <strong>en la tienda oficial<\/strong> del espect\u00e1culo que estar\u00e1 abierta en el mismo recinto.<\/p>\n<p>Por \u00faltimo, queremos comentar que, si eres de aquellas personas que quieren aprovechar su viaje al m\u00e1ximo, y te preguntas <a href=\"https:\/\/www.estiber.com\/blog\/que-hacer-en-andorra-en-verano\/\">que hacer en Andorra en verano<\/a>, hay un una gran variedad de actividades por hacer. Desde visitar encantadores <a href=\"https:\/\/www.estiber.com\/blog\/pueblos-de-andorra-y-alrededores\/\">pueblos de Andorra y alrededores<\/a>, hasta montar en <a href=\"https:\/\/www.estiber.com\/blog\/tirolina-en-andorra-mont-magic\/\">tirolina en Andorra Mont Magic <\/a>e incluso cruzar <a href=\"https:\/\/www.estiber.com\/blog\/puente-tibetano-andorra\/\">el puente Tibetano de Canillo<\/a>. Aunque para los m\u00e1s monta\u00f1eros, amantes del <strong>senderismo<\/strong>, no os pod\u00e9is perder llegar a alguno de los <a href=\"https:\/\/www.estiber.com\/blog\/13-refugios-en-andorra-para-vivir-la-montana-al-maximo\/\">13 refugios en Andorra<\/a>, para vivir la monta\u00f1a al m\u00e1ximo.<\/p>\n","protected":false},"excerpt":{"rendered":"<p>\u00a1Vuelve el Cirque du Soleil! Y lo har\u00e1 con un nuevo espect\u00e1culo que suena muy prometedor: SUBLIM de Cirque du Soleil. Ser\u00e1 completamente nuevo y \u00fanico y lo podr\u00e1s ver este verano 2024. Moda y alta costura, elegancia, extravagancia, glamour, acrobacias\u2026 son algunos de los ingredientes que tendr\u00e1 una actuaci\u00f3n que no dejar\u00e1 a nadie <a class=\"read-more\" href=\"https:\/\/www.estiber.com\/blog\/sublim-cirque-du-soleil\/\">&#8230;<\/a><\/p>\n","protected":false},"author":1,"featured_media":12739,"comment_status":"open","ping_status":"open","sticky":false,"template":"","format":"standard","meta":{"footnotes":""},"categories":[2],"tags":[31],"class_list":{"0":"post-12239","1":"post","2":"type-post","3":"status-publish","4":"format-standard","5":"has-post-thumbnail","6":"hentry","7":"category-noticias","8":"tag-esqui-andorra","10":"with-featured-image"},"yoast_head":"<!-- This site is optimized with the Yoast SEO plugin v27.0 - https:\/\/yoast.com\/product\/yoast-seo-wordpress\/ -->\n<title>Sublim Cirque du Soleil, vuelve una nueva edici\u00f3n a Andorra<\/title>\n<meta name=\"description\" content=\"Ya est\u00e1 aqui Sublim del Cirque du Soleil en Andorra. Un espect\u00e1culo lleno de m\u00e1gia con una gran historia que sorprender\u00e1 a cualquiera.\" \/>\n<meta name=\"robots\" content=\"index, follow, max-snippet:-1, max-image-preview:large, max-video-preview:-1\" \/>\n<link rel=\"canonical\" href=\"https:\/\/www.estiber.com\/blog\/sublim-cirque-du-soleil\/\" \/>\n<meta property=\"og:locale\" content=\"es_ES\" \/>\n<meta property=\"og:type\" content=\"article\" \/>\n<meta property=\"og:title\" content=\"Sublim Cirque du Soleil, vuelve una nueva edici\u00f3n a Andorra\" \/>\n<meta property=\"og:description\" content=\"Ya est\u00e1 aqui Sublim del Cirque du Soleil en Andorra. Un espect\u00e1culo lleno de m\u00e1gia con una gran historia que sorprender\u00e1 a cualquiera.\" \/>\n<meta property=\"og:url\" content=\"https:\/\/www.estiber.com\/blog\/sublim-cirque-du-soleil\/\" \/>\n<meta property=\"og:site_name\" content=\"Blog Estiber\" \/>\n<meta property=\"article:publisher\" content=\"https:\/\/www.facebook.com\/estiberviajes\" \/>\n<meta property=\"article:published_time\" content=\"2024-04-23T14:33:00+00:00\" \/>\n<meta property=\"article:modified_time\" content=\"2024-06-06T07:49:29+00:00\" \/>\n<meta property=\"og:image\" content=\"https:\/\/www.estiber.com\/blog\/wp-content\/uploads\/2024\/04\/sublime-cirque-du-soleil-andorra.jpg\" \/>\n\t<meta property=\"og:image:width\" content=\"750\" \/>\n\t<meta property=\"og:image:height\" content=\"500\" \/>\n\t<meta property=\"og:image:type\" content=\"image\/jpeg\" \/>\n<meta name=\"author\" content=\"Viajes Estiber\" \/>\n<meta name=\"twitter:card\" content=\"summary_large_image\" \/>\n<meta name=\"twitter:creator\" content=\"@estiberviajes\" \/>\n<meta name=\"twitter:site\" content=\"@estiberviajes\" \/>\n<meta name=\"twitter:label1\" content=\"Escrito por\" \/>\n\t<meta name=\"twitter:data1\" content=\"Viajes Estiber\" \/>\n\t<meta name=\"twitter:label2\" content=\"Tiempo de lectura\" \/>\n\t<meta name=\"twitter:data2\" content=\"8 minutos\" \/>\n<script type=\"application\/ld+json\" class=\"yoast-schema-graph\">{\"@context\":\"https:\/\/schema.org\",\"@graph\":[{\"@type\":\"Article\",\"@id\":\"https:\/\/www.estiber.com\/blog\/sublim-cirque-du-soleil\/#article\",\"isPartOf\":{\"@id\":\"https:\/\/www.estiber.com\/blog\/sublim-cirque-du-soleil\/\"},\"author\":{\"name\":\"Viajes Estiber\",\"@id\":\"https:\/\/www.estiber.com\/blog\/#\/schema\/person\/9b06974be0d71f639d2b3d7b67ef345a\"},\"headline\":\"Sublim Cirque du Soleil, vuelve una nueva edici\u00f3n a Andorra\",\"datePublished\":\"2024-04-23T14:33:00+00:00\",\"dateModified\":\"2024-06-06T07:49:29+00:00\",\"mainEntityOfPage\":{\"@id\":\"https:\/\/www.estiber.com\/blog\/sublim-cirque-du-soleil\/\"},\"wordCount\":1590,\"commentCount\":0,\"publisher\":{\"@id\":\"https:\/\/www.estiber.com\/blog\/#organization\"},\"image\":{\"@id\":\"https:\/\/www.estiber.com\/blog\/sublim-cirque-du-soleil\/#primaryimage\"},\"thumbnailUrl\":\"https:\/\/www.estiber.com\/blog\/wp-content\/uploads\/2024\/04\/sublime-cirque-du-soleil-andorra.jpg\",\"keywords\":[\"Andorra\"],\"articleSection\":[\"Noticias\"],\"inLanguage\":\"es\",\"potentialAction\":[{\"@type\":\"CommentAction\",\"name\":\"Comment\",\"target\":[\"https:\/\/www.estiber.com\/blog\/sublim-cirque-du-soleil\/#respond\"]}]},{\"@type\":\"WebPage\",\"@id\":\"https:\/\/www.estiber.com\/blog\/sublim-cirque-du-soleil\/\",\"url\":\"https:\/\/www.estiber.com\/blog\/sublim-cirque-du-soleil\/\",\"name\":\"Sublim Cirque du Soleil, vuelve una nueva edici\u00f3n a Andorra\",\"isPartOf\":{\"@id\":\"https:\/\/www.estiber.com\/blog\/#website\"},\"primaryImageOfPage\":{\"@id\":\"https:\/\/www.estiber.com\/blog\/sublim-cirque-du-soleil\/#primaryimage\"},\"image\":{\"@id\":\"https:\/\/www.estiber.com\/blog\/sublim-cirque-du-soleil\/#primaryimage\"},\"thumbnailUrl\":\"https:\/\/www.estiber.com\/blog\/wp-content\/uploads\/2024\/04\/sublime-cirque-du-soleil-andorra.jpg\",\"datePublished\":\"2024-04-23T14:33:00+00:00\",\"dateModified\":\"2024-06-06T07:49:29+00:00\",\"description\":\"Ya est\u00e1 aqui Sublim del Cirque du Soleil en Andorra. Un espect\u00e1culo lleno de m\u00e1gia con una gran historia que sorprender\u00e1 a cualquiera.\",\"breadcrumb\":{\"@id\":\"https:\/\/www.estiber.com\/blog\/sublim-cirque-du-soleil\/#breadcrumb\"},\"inLanguage\":\"es\",\"potentialAction\":[{\"@type\":\"ReadAction\",\"target\":[\"https:\/\/www.estiber.com\/blog\/sublim-cirque-du-soleil\/\"]}]},{\"@type\":\"ImageObject\",\"inLanguage\":\"es\",\"@id\":\"https:\/\/www.estiber.com\/blog\/sublim-cirque-du-soleil\/#primaryimage\",\"url\":\"https:\/\/www.estiber.com\/blog\/wp-content\/uploads\/2024\/04\/sublime-cirque-du-soleil-andorra.jpg\",\"contentUrl\":\"https:\/\/www.estiber.com\/blog\/wp-content\/uploads\/2024\/04\/sublime-cirque-du-soleil-andorra.jpg\",\"width\":750,\"height\":500},{\"@type\":\"BreadcrumbList\",\"@id\":\"https:\/\/www.estiber.com\/blog\/sublim-cirque-du-soleil\/#breadcrumb\",\"itemListElement\":[{\"@type\":\"ListItem\",\"position\":1,\"name\":\"Portada\",\"item\":\"https:\/\/www.estiber.com\/blog\/\"},{\"@type\":\"ListItem\",\"position\":2,\"name\":\"Sublim Cirque du Soleil, vuelve una nueva edici\u00f3n a Andorra\"}]},{\"@type\":\"WebSite\",\"@id\":\"https:\/\/www.estiber.com\/blog\/#website\",\"url\":\"https:\/\/www.estiber.com\/blog\/\",\"name\":\"Blog Estiber\",\"description\":\"\",\"publisher\":{\"@id\":\"https:\/\/www.estiber.com\/blog\/#organization\"},\"potentialAction\":[{\"@type\":\"SearchAction\",\"target\":{\"@type\":\"EntryPoint\",\"urlTemplate\":\"https:\/\/www.estiber.com\/blog\/?s={search_term_string}\"},\"query-input\":{\"@type\":\"PropertyValueSpecification\",\"valueRequired\":true,\"valueName\":\"search_term_string\"}}],\"inLanguage\":\"es\"},{\"@type\":\"Organization\",\"@id\":\"https:\/\/www.estiber.com\/blog\/#organization\",\"name\":\"Viajes Estiber\",\"url\":\"https:\/\/www.estiber.com\/blog\/\",\"logo\":{\"@type\":\"ImageObject\",\"inLanguage\":\"es\",\"@id\":\"https:\/\/www.estiber.com\/blog\/#\/schema\/logo\/image\/\",\"url\":\"https:\/\/www.estiber.com\/blog\/wp-content\/uploads\/2017\/05\/estiber-ofertas-esqui-2.jpg\",\"contentUrl\":\"https:\/\/www.estiber.com\/blog\/wp-content\/uploads\/2017\/05\/estiber-ofertas-esqui-2.jpg\",\"width\":800,\"height\":800,\"caption\":\"Viajes Estiber\"},\"image\":{\"@id\":\"https:\/\/www.estiber.com\/blog\/#\/schema\/logo\/image\/\"},\"sameAs\":[\"https:\/\/www.facebook.com\/estiberviajes\",\"https:\/\/x.com\/estiberviajes\",\"https:\/\/www.instagram.com\/estiberviajes\/\",\"https:\/\/www.pinterest.com\/estiberviajes\/\"]},{\"@type\":\"Person\",\"@id\":\"https:\/\/www.estiber.com\/blog\/#\/schema\/person\/9b06974be0d71f639d2b3d7b67ef345a\",\"name\":\"Viajes Estiber\",\"image\":{\"@type\":\"ImageObject\",\"inLanguage\":\"es\",\"@id\":\"https:\/\/www.estiber.com\/blog\/#\/schema\/person\/image\/\",\"url\":\"https:\/\/secure.gravatar.com\/avatar\/051495a22a5ce727b6909eb86316af3cfcc7b5e4dea54b863ed8d2281ec15d4a?s=96&d=mm&r=g\",\"contentUrl\":\"https:\/\/secure.gravatar.com\/avatar\/051495a22a5ce727b6909eb86316af3cfcc7b5e4dea54b863ed8d2281ec15d4a?s=96&d=mm&r=g\",\"caption\":\"Viajes Estiber\"},\"description\":\"Ofertas de esqu\u00ed en Andorra, Alpes, Pirineo y Sierra Nevada. Encuentra ofertas de ski hotel m\u00e1s forfait y viajes de esqu\u00ed al mejor precio.\",\"url\":\"https:\/\/www.estiber.com\/blog\/author\/estiber\/\"}]}<\/script>\n<!-- \/ Yoast SEO plugin. -->","yoast_head_json":{"title":"Sublim Cirque du Soleil, vuelve una nueva edici\u00f3n a Andorra","description":"Ya est\u00e1 aqui Sublim del Cirque du Soleil en Andorra. Un espect\u00e1culo lleno de m\u00e1gia con una gran historia que sorprender\u00e1 a cualquiera.","robots":{"index":"index","follow":"follow","max-snippet":"max-snippet:-1","max-image-preview":"max-image-preview:large","max-video-preview":"max-video-preview:-1"},"canonical":"https:\/\/www.estiber.com\/blog\/sublim-cirque-du-soleil\/","og_locale":"es_ES","og_type":"article","og_title":"Sublim Cirque du Soleil, vuelve una nueva edici\u00f3n a Andorra","og_description":"Ya est\u00e1 aqui Sublim del Cirque du Soleil en Andorra. Un espect\u00e1culo lleno de m\u00e1gia con una gran historia que sorprender\u00e1 a cualquiera.","og_url":"https:\/\/www.estiber.com\/blog\/sublim-cirque-du-soleil\/","og_site_name":"Blog Estiber","article_publisher":"https:\/\/www.facebook.com\/estiberviajes","article_published_time":"2024-04-23T14:33:00+00:00","article_modified_time":"2024-06-06T07:49:29+00:00","og_image":[{"width":750,"height":500,"url":"https:\/\/www.estiber.com\/blog\/wp-content\/uploads\/2024\/04\/sublime-cirque-du-soleil-andorra.jpg","type":"image\/jpeg"}],"author":"Viajes Estiber","twitter_card":"summary_large_image","twitter_creator":"@estiberviajes","twitter_site":"@estiberviajes","twitter_misc":{"Escrito por":"Viajes Estiber","Tiempo de lectura":"8 minutos"},"schema":{"@context":"https:\/\/schema.org","@graph":[{"@type":"Article","@id":"https:\/\/www.estiber.com\/blog\/sublim-cirque-du-soleil\/#article","isPartOf":{"@id":"https:\/\/www.estiber.com\/blog\/sublim-cirque-du-soleil\/"},"author":{"name":"Viajes Estiber","@id":"https:\/\/www.estiber.com\/blog\/#\/schema\/person\/9b06974be0d71f639d2b3d7b67ef345a"},"headline":"Sublim Cirque du Soleil, vuelve una nueva edici\u00f3n a Andorra","datePublished":"2024-04-23T14:33:00+00:00","dateModified":"2024-06-06T07:49:29+00:00","mainEntityOfPage":{"@id":"https:\/\/www.estiber.com\/blog\/sublim-cirque-du-soleil\/"},"wordCount":1590,"commentCount":0,"publisher":{"@id":"https:\/\/www.estiber.com\/blog\/#organization"},"image":{"@id":"https:\/\/www.estiber.com\/blog\/sublim-cirque-du-soleil\/#primaryimage"},"thumbnailUrl":"https:\/\/www.estiber.com\/blog\/wp-content\/uploads\/2024\/04\/sublime-cirque-du-soleil-andorra.jpg","keywords":["Andorra"],"articleSection":["Noticias"],"inLanguage":"es","potentialAction":[{"@type":"CommentAction","name":"Comment","target":["https:\/\/www.estiber.com\/blog\/sublim-cirque-du-soleil\/#respond"]}]},{"@type":"WebPage","@id":"https:\/\/www.estiber.com\/blog\/sublim-cirque-du-soleil\/","url":"https:\/\/www.estiber.com\/blog\/sublim-cirque-du-soleil\/","name":"Sublim Cirque du Soleil, vuelve una nueva edici\u00f3n a Andorra","isPartOf":{"@id":"https:\/\/www.estiber.com\/blog\/#website"},"primaryImageOfPage":{"@id":"https:\/\/www.estiber.com\/blog\/sublim-cirque-du-soleil\/#primaryimage"},"image":{"@id":"https:\/\/www.estiber.com\/blog\/sublim-cirque-du-soleil\/#primaryimage"},"thumbnailUrl":"https:\/\/www.estiber.com\/blog\/wp-content\/uploads\/2024\/04\/sublime-cirque-du-soleil-andorra.jpg","datePublished":"2024-04-23T14:33:00+00:00","dateModified":"2024-06-06T07:49:29+00:00","description":"Ya est\u00e1 aqui Sublim del Cirque du Soleil en Andorra. Un espect\u00e1culo lleno de m\u00e1gia con una gran historia que sorprender\u00e1 a cualquiera.","breadcrumb":{"@id":"https:\/\/www.estiber.com\/blog\/sublim-cirque-du-soleil\/#breadcrumb"},"inLanguage":"es","potentialAction":[{"@type":"ReadAction","target":["https:\/\/www.estiber.com\/blog\/sublim-cirque-du-soleil\/"]}]},{"@type":"ImageObject","inLanguage":"es","@id":"https:\/\/www.estiber.com\/blog\/sublim-cirque-du-soleil\/#primaryimage","url":"https:\/\/www.estiber.com\/blog\/wp-content\/uploads\/2024\/04\/sublime-cirque-du-soleil-andorra.jpg","contentUrl":"https:\/\/www.estiber.com\/blog\/wp-content\/uploads\/2024\/04\/sublime-cirque-du-soleil-andorra.jpg","width":750,"height":500},{"@type":"BreadcrumbList","@id":"https:\/\/www.estiber.com\/blog\/sublim-cirque-du-soleil\/#breadcrumb","itemListElement":[{"@type":"ListItem","position":1,"name":"Portada","item":"https:\/\/www.estiber.com\/blog\/"},{"@type":"ListItem","position":2,"name":"Sublim Cirque du Soleil, vuelve una nueva edici\u00f3n a Andorra"}]},{"@type":"WebSite","@id":"https:\/\/www.estiber.com\/blog\/#website","url":"https:\/\/www.estiber.com\/blog\/","name":"Blog Estiber","description":"","publisher":{"@id":"https:\/\/www.estiber.com\/blog\/#organization"},"potentialAction":[{"@type":"SearchAction","target":{"@type":"EntryPoint","urlTemplate":"https:\/\/www.estiber.com\/blog\/?s={search_term_string}"},"query-input":{"@type":"PropertyValueSpecification","valueRequired":true,"valueName":"search_term_string"}}],"inLanguage":"es"},{"@type":"Organization","@id":"https:\/\/www.estiber.com\/blog\/#organization","name":"Viajes Estiber","url":"https:\/\/www.estiber.com\/blog\/","logo":{"@type":"ImageObject","inLanguage":"es","@id":"https:\/\/www.estiber.com\/blog\/#\/schema\/logo\/image\/","url":"https:\/\/www.estiber.com\/blog\/wp-content\/uploads\/2017\/05\/estiber-ofertas-esqui-2.jpg","contentUrl":"https:\/\/www.estiber.com\/blog\/wp-content\/uploads\/2017\/05\/estiber-ofertas-esqui-2.jpg","width":800,"height":800,"caption":"Viajes Estiber"},"image":{"@id":"https:\/\/www.estiber.com\/blog\/#\/schema\/logo\/image\/"},"sameAs":["https:\/\/www.facebook.com\/estiberviajes","https:\/\/x.com\/estiberviajes","https:\/\/www.instagram.com\/estiberviajes\/","https:\/\/www.pinterest.com\/estiberviajes\/"]},{"@type":"Person","@id":"https:\/\/www.estiber.com\/blog\/#\/schema\/person\/9b06974be0d71f639d2b3d7b67ef345a","name":"Viajes Estiber","image":{"@type":"ImageObject","inLanguage":"es","@id":"https:\/\/www.estiber.com\/blog\/#\/schema\/person\/image\/","url":"https:\/\/secure.gravatar.com\/avatar\/051495a22a5ce727b6909eb86316af3cfcc7b5e4dea54b863ed8d2281ec15d4a?s=96&d=mm&r=g","contentUrl":"https:\/\/secure.gravatar.com\/avatar\/051495a22a5ce727b6909eb86316af3cfcc7b5e4dea54b863ed8d2281ec15d4a?s=96&d=mm&r=g","caption":"Viajes Estiber"},"description":"Ofertas de esqu\u00ed en Andorra, Alpes, Pirineo y Sierra Nevada. Encuentra ofertas de ski hotel m\u00e1s forfait y viajes de esqu\u00ed al mejor precio.","url":"https:\/\/www.estiber.com\/blog\/author\/estiber\/"}]}},"_links":{"self":[{"href":"https:\/\/www.estiber.com\/blog\/wp-json\/wp\/v2\/posts\/12239","targetHints":{"allow":["GET"]}}],"collection":[{"href":"https:\/\/www.estiber.com\/blog\/wp-json\/wp\/v2\/posts"}],"about":[{"href":"https:\/\/www.estiber.com\/blog\/wp-json\/wp\/v2\/types\/post"}],"author":[{"embeddable":true,"href":"https:\/\/www.estiber.com\/blog\/wp-json\/wp\/v2\/users\/1"}],"replies":[{"embeddable":true,"href":"https:\/\/www.estiber.com\/blog\/wp-json\/wp\/v2\/comments?post=12239"}],"version-history":[{"count":19,"href":"https:\/\/www.estiber.com\/blog\/wp-json\/wp\/v2\/posts\/12239\/revisions"}],"predecessor-version":[{"id":12738,"href":"https:\/\/www.estiber.com\/blog\/wp-json\/wp\/v2\/posts\/12239\/revisions\/12738"}],"wp:featuredmedia":[{"embeddable":true,"href":"https:\/\/www.estiber.com\/blog\/wp-json\/wp\/v2\/media\/12739"}],"wp:attachment":[{"href":"https:\/\/www.estiber.com\/blog\/wp-json\/wp\/v2\/media?parent=12239"}],"wp:term":[{"taxonomy":"category","embeddable":true,"href":"https:\/\/www.estiber.com\/blog\/wp-json\/wp\/v2\/categories?post=12239"},{"taxonomy":"post_tag","embeddable":true,"href":"https:\/\/www.estiber.com\/blog\/wp-json\/wp\/v2\/tags?post=12239"}],"curies":[{"name":"wp","href":"https:\/\/api.w.org\/{rel}","templated":true}]}}