{"id":11549,"date":"2026-04-14T10:40:21","date_gmt":"2026-04-14T08:40:21","guid":{"rendered":"https:\/\/www.estiber.com\/blog\/?p=11549"},"modified":"2026-04-14T13:17:51","modified_gmt":"2026-04-14T11:17:51","slug":"espectaculos-puy-du-fou","status":"publish","type":"post","link":"https:\/\/www.estiber.com\/blog\/espectaculos-puy-du-fou\/","title":{"rendered":"Espect\u00e1culos de Puy du Fou Espa\u00f1a: Gu\u00eda Completa 2026"},"content":{"rendered":"<p>Puy du Fou Espa\u00f1a no es ni un parque tem\u00e1tico ni un parque de atracciones: es un nuevo concepto de parque centrado en <strong>ofrecer emocionantes espect\u00e1culos<\/strong> que nos acercan de una manera l\u00fadica, sorprendente y vivencial diferentes <strong>episodios de la historia de Espa\u00f1a<\/strong>.<\/p>\n<p>Se trata de un espacio donde tanto peque\u00f1os como mayores pueden aprender de manera l\u00fadica, sobretodo es una <strong>parada obligatoria si viajas a <a href=\"https:\/\/www.estiber.com\/blog\/toledo-con-ninos\/\">Toledo con ni\u00f1os<\/a><\/strong>.<\/p>\n<p>En 2019 comenz\u00f3 su andadura con su <strong>aclamado espect\u00e1culo nocturno<\/strong> Puy du Fou \u201c<a href=\"https:\/\/www.estiber.com\/blog\/el-sueno-de-toledo\/\">El Sue\u00f1o de Toledo<\/a>\u201d. Dos a\u00f1os despu\u00e9s, abri\u00f3 sus puertas un impresionante complejo de d\u00eda que permite <strong>viajar f\u00edsicamente por otras \u00e9pocas<\/strong> a trav\u00e9s de pueblos, mesones y casonas, rincones entra\u00f1ables, productos gastron\u00f3micos tradicionales, talleres de artesanos, paisajes de campo y animales reales.<\/p>\n<p>Eso s\u00ed, \u00a1los espect\u00e1culos Puy du Fou son su punto fuerte! Conoce cu\u00e1les son <strong>los imprescindibles<\/strong> y algunos tips para disfrutarlos al m\u00e1ximo durante tu viaje de<a href=\"https:\/\/www.estiber.com\/es_ES\/parques-tematicos\/puy-du-fou-hotel-entrada\"> hotel y entrada en Puy du Fou<\/a>.<\/p>\n<p>Lo m\u00e1s destacable de este interesante parque enclavado en los Montes de Toledo son las interpretaciones que recorren la historia de Espa\u00f1a con protagonistas como El Cid, Abderram\u00e1n III, el Rey Visigodo Recaredo, Col\u00f3n, Isabel la Cat\u00f3lica o Lope de Vega. \u00bfQuieres saber cu\u00e1les son los imprescindibles? Estos son los <strong>mejores espect\u00e1culos Puy du Fou<\/strong>, uno de los <a href=\"https:\/\/www.estiber.com\/blog\/los-5-parques-de-atracciones-mas-visitados-de-espana\/\">parques de atracciones m\u00e1s visitados<\/a>.<\/p>\n<h2>TOP 3 de los Mejores Espect\u00e1culos de Puy du Fou<\/h2>\n<h3>A Pluma y Espada<\/h3>\n<p><img loading=\"lazy\" decoding=\"async\" class=\"alignnone wp-image-11563 size-full\" src=\"https:\/\/www.estiber.com\/blog\/wp-content\/uploads\/2024\/03\/1525x1015_apye-3.jpg\" alt=\"Todos los espect\u00e1culos de Puy du Fou\" width=\"750\" height=\"500\" srcset=\"https:\/\/www.estiber.com\/blog\/wp-content\/uploads\/2024\/03\/1525x1015_apye-3.jpg 750w, https:\/\/www.estiber.com\/blog\/wp-content\/uploads\/2024\/03\/1525x1015_apye-3-300x200.jpg 300w, https:\/\/www.estiber.com\/blog\/wp-content\/uploads\/2024\/03\/1525x1015_apye-3-375x250.jpg 375w, https:\/\/www.estiber.com\/blog\/wp-content\/uploads\/2024\/03\/1525x1015_apye-3-600x400.jpg 600w\" sizes=\"auto, (max-width: 750px) 100vw, 750px\" \/><\/p>\n<p>Ambientado en el Siglo de Oro espa\u00f1ol, <a href=\"https:\/\/www.estiber.com\/blog\/a-pluma-y-espada-de-puy-du-fou\/\">A Pluma y Espada<\/a> es uno de los espect\u00e1culos Puy du Fou Espa\u00f1a m\u00e1s aclamados. El Gran Corral de Comedias acoge una aventura en la que <strong>Lope de Vega debe desvelar el complot que amenaza la vida del Rey<\/strong>, combatiendo a los soldados del corregidor sobre los tejados de Toledo.<\/p>\n<p>Con luchas de capa y espada, humor y un escenario que se transforma ante los ojos del espectador, el show no deja un momento de respiro.<\/p>\n<p>En 2024 fue <strong>galardonado como Mejor Espect\u00e1culo del Mundo<\/strong> en los prestigiosos Brass Ring Excellence Awards de la IAAPA, convirti\u00e9ndolo en una visita completamente imprescindible.<\/p>\n<h3>El \u00daltimo Cantar<\/h3>\n<p><img loading=\"lazy\" decoding=\"async\" class=\"alignnone wp-image-11560 size-full\" src=\"https:\/\/www.estiber.com\/blog\/wp-content\/uploads\/2024\/03\/1525x1015_euc-3.jpg\" alt=\"Todos los espect\u00e1culos de Puy du Fou\" width=\"750\" height=\"500\" srcset=\"https:\/\/www.estiber.com\/blog\/wp-content\/uploads\/2024\/03\/1525x1015_euc-3.jpg 750w, https:\/\/www.estiber.com\/blog\/wp-content\/uploads\/2024\/03\/1525x1015_euc-3-300x200.jpg 300w, https:\/\/www.estiber.com\/blog\/wp-content\/uploads\/2024\/03\/1525x1015_euc-3-375x250.jpg 375w, https:\/\/www.estiber.com\/blog\/wp-content\/uploads\/2024\/03\/1525x1015_euc-3-600x400.jpg 600w\" sizes=\"auto, (max-width: 750px) 100vw, 750px\" \/><\/p>\n<p><a href=\"https:\/\/www.estiber.com\/blog\/ultimo-cantar-de-puy-du-fou\/\">El \u00daltimo Cantar<\/a> <strong>narra la historia de Rodrigo D\u00edaz de Vivar<\/strong>, el Cid Campeador, caballero del siglo XI y h\u00e9roe de la Reconquista espa\u00f1ola. Uno de sus grandes atractivos t\u00e9cnicos es una grada que gira 360 grados, que sumerge al espectador en la acci\u00f3n desde todos los \u00e1ngulos posibles.<\/p>\n<p>La m\u00fasica corre a cargo de Nathan Stornetta, responsable de todas las bandas sonoras del parque.<\/p>\n<p>Es de los mejores Puy du Fou espect\u00e1culos que puedes ver, como as\u00ed lo demuestran sus galardones: <strong>en su primer a\u00f1o de vida, fue premiado como mejor espect\u00e1culo del mundo por la IAAPA<\/strong>.<\/p>\n<h3>El Tambor de la Libertad (Novedad)<\/h3>\n<p><img loading=\"lazy\" decoding=\"async\" class=\"alignnone wp-image-15244 size-full\" src=\"https:\/\/www.estiber.com\/blog\/wp-content\/uploads\/2024\/02\/espectaculos-puy-du-fou-tambor-libertad.jpg\" alt=\"\" width=\"750\" height=\"500\" srcset=\"https:\/\/www.estiber.com\/blog\/wp-content\/uploads\/2024\/02\/espectaculos-puy-du-fou-tambor-libertad.jpg 750w, https:\/\/www.estiber.com\/blog\/wp-content\/uploads\/2024\/02\/espectaculos-puy-du-fou-tambor-libertad-300x200.jpg 300w, https:\/\/www.estiber.com\/blog\/wp-content\/uploads\/2024\/02\/espectaculos-puy-du-fou-tambor-libertad-375x250.jpg 375w, https:\/\/www.estiber.com\/blog\/wp-content\/uploads\/2024\/02\/espectaculos-puy-du-fou-tambor-libertad-600x400.jpg 600w\" sizes=\"auto, (max-width: 750px) 100vw, 750px\" \/><\/p>\n<p>El Tambor de la Libertad es uno de los Puy du Fou nuevos espect\u00e1culos. <strong>Relata la valiente resistencia de Toledo frente al avance de las tropas napole\u00f3nicas<\/strong>. Los protagonistas, Antonio y Valle, encarnan el esp\u00edritu indomable de un pueblo que lucha no solo por su libertad, sino tambi\u00e9n en honor a quienes ya no pueden hacerlo.<\/p>\n<p>Cuenta con un grader\u00edo para <strong>3.000 espectadores<\/strong> y es uno de los espect\u00e1culos Puy du Fou Espa\u00f1a que m\u00e1s recomendamos por su escenograf\u00eda a dos niveles de m\u00e1s de 22 metros de altura, combinando acrobacias, bailes y efectos especiales.<\/p>\n<p>Todo esto se complementa con una banda sonora \u00e9pica compuesta por Fernando Vel\u00e1zquez, ganador de un Premio Goya y creador de partituras para pel\u00edculas como Lo imposible o El orfanato. El espect\u00e1culo fue <strong>reconocido como Mejor Nuevo Espect\u00e1culo Europeo 2025<\/strong>.<\/p>\n<h2>Espect\u00e1culo Nocturno: El Sue\u00f1o de Toledo<\/h2>\n<p><img loading=\"lazy\" decoding=\"async\" class=\"alignnone wp-image-11558\" src=\"https:\/\/www.estiber.com\/blog\/wp-content\/uploads\/2024\/03\/0-4.jpg\" alt=\"Todos los espect\u00e1culos de Puy du Fou\" width=\"938\" height=\"500\" srcset=\"https:\/\/www.estiber.com\/blog\/wp-content\/uploads\/2024\/03\/0-4.jpg 750w, https:\/\/www.estiber.com\/blog\/wp-content\/uploads\/2024\/03\/0-4-300x160.jpg 300w, https:\/\/www.estiber.com\/blog\/wp-content\/uploads\/2024\/03\/0-4-600x320.jpg 600w\" sizes=\"auto, (max-width: 938px) 100vw, 938px\" \/><\/p>\n<p>Si los espect\u00e1culos Puy du Fou de d\u00eda son extraordinarios, El Sue\u00f1o de Toledo es directamente una experiencia que no se parece a nada en Espa\u00f1a.<\/p>\n<p>Son <strong>70 minutos<\/strong> que transportan al espectador a trav\u00e9s de <strong>1.500 a\u00f1os de historia<\/strong>, representada por <strong>m\u00e1s de 200 actores<\/strong> sobre un escenario de 5 hect\u00e1reas, con efectos especiales donde la historia cruza las murallas de la ciudad y atraviesa las profundidades del r\u00edo Tajo.<\/p>\n<p>Las actuaciones Puy du Fou interpretan figuras hist\u00f3ricas como el rey Recaredo, Isabel la Cat\u00f3lica o el emperador Carlos V, tejiendo un relato \u00fanico que entrelaza emociones, acci\u00f3n y una banda sonora conmovedora.<\/p>\n<p>No en vano, en 2024 fue reconocido como el <strong>Mejor Espect\u00e1culo en Directo del Mundo<\/strong> en los Park World Excellence Awards.<\/p>\n<p>Apunta unos tips de experto para disfrutar a tope el espect\u00e1culo Puy du Fou nocturno. La <strong>grada panor\u00e1mica est\u00e1 dividida en tres zonas<\/strong>: la Cl\u00e1sica, con asientos laterales y \u00faltimas filas; la Preferente, con asientos en torno al centro de la grada; y la Plata, con asientos en el coraz\u00f3n de la grada.<\/p>\n<p>Para sacar el m\u00e1ximo partido del Puy du Fou espect\u00e1culo noche, opta al menos por la Preferente. Y recuerda: <strong>se recomienda llegar 1 hora antes<\/strong> del inicio del espect\u00e1culo para disfrutar de la ambientaci\u00f3n previa. \u00a1Las colas pueden ser largas y no querr\u00e1s perderte ni un minuto!<\/p>\n<h2>Gu\u00eda de Espect\u00e1culos Diurnos (Actualizada)<\/h2>\n<table class=\"cl-table-no-border\" style=\"height: 411px;\" width=\"1344\">\n<tbody>\n<tr>\n<th><strong>Nombre del Espect\u00e1culo<\/strong><\/th>\n<th><strong>Duraci\u00f3n<\/strong><\/th>\n<th><strong>G\u00e9nero<\/strong><\/th>\n<\/tr>\n<tr>\n<td>El \u00daltimo Cantar<\/td>\n<td>30 minutos<\/td>\n<td>Acci\u00f3n , Aventura<\/td>\n<\/tr>\n<tr>\n<td>Cetrer\u00eda de Reyes<\/td>\n<td>30 minutos<\/td>\n<td>Hist\u00f3rico<\/td>\n<\/tr>\n<tr>\n<td>Allende la Mar Oc\u00e9ana<\/td>\n<td>25 minutos<\/td>\n<td>Suspense, Misterio<\/td>\n<\/tr>\n<tr>\n<td>A Pluma y Espada<\/td>\n<td>30 minutos<\/td>\n<td>Comedia<\/td>\n<\/tr>\n<tr>\n<td>El Misterio de Sorbaces<\/td>\n<td>30 minutos<\/td>\n<td>Acci\u00f3n, Aventura<\/td>\n<\/tr>\n<tr>\n<td>De Tal Palo<\/td>\n<td>20 minutos<\/td>\n<td>Hist\u00f3rico<\/td>\n<\/tr>\n<tr>\n<td>El Bodeg\u00f3n del Capit\u00e1n<\/td>\n<td>60 minutos<\/td>\n<td>Restaurante<\/td>\n<\/tr>\n<\/tbody>\n<\/table>\n<h3>El Misterio de Sorbaces<\/h3>\n<p><img loading=\"lazy\" decoding=\"async\" class=\"alignnone wp-image-11583 size-full\" src=\"https:\/\/www.estiber.com\/blog\/wp-content\/uploads\/2024\/03\/2.jpg\" alt=\"Todos los espect\u00e1culos de Puy du Fou\" width=\"750\" height=\"500\" srcset=\"https:\/\/www.estiber.com\/blog\/wp-content\/uploads\/2024\/03\/2.jpg 750w, https:\/\/www.estiber.com\/blog\/wp-content\/uploads\/2024\/03\/2-300x200.jpg 300w, https:\/\/www.estiber.com\/blog\/wp-content\/uploads\/2024\/03\/2-375x250.jpg 375w, https:\/\/www.estiber.com\/blog\/wp-content\/uploads\/2024\/03\/2-600x400.jpg 600w\" sizes=\"auto, (max-width: 750px) 100vw, 750px\" \/><\/p>\n<p>El a\u00f1o es 589. En un rec\u00f3ndito paraje, se celebra en secreto una boda prohibida entre una joven romana y un pr\u00edncipe godo, en presencia de la Santa Reliquia. Pero el rey Recaredo se entera, y viene a saquear el pueblo.<\/p>\n<p>A partir de ese conflicto se despliega uno de los espect\u00e1culos Puy du Fou que hay que ver: <strong>combina caballos, acr\u00f3batas, coreograf\u00edas y efectos especiales<\/strong> que nos trasladan a la \u00e9poca visigoda.<\/p>\n<p>Con <strong>3.000 plazas de aforo<\/strong>, es uno de los m\u00e1s grandes del parque y una de las propuestas m\u00e1s originales para entender los or\u00edgenes del Toledo medieval.<\/p>\n<h3>Cetrer\u00eda de Reyes<\/h3>\n<p><img loading=\"lazy\" decoding=\"async\" class=\"alignnone wp-image-11561 size-full\" src=\"https:\/\/www.estiber.com\/blog\/wp-content\/uploads\/2024\/03\/1525x1015_3_0.jpg\" alt=\"Todos los espect\u00e1culos de Puy du Fou\" width=\"750\" height=\"500\" srcset=\"https:\/\/www.estiber.com\/blog\/wp-content\/uploads\/2024\/03\/1525x1015_3_0.jpg 750w, https:\/\/www.estiber.com\/blog\/wp-content\/uploads\/2024\/03\/1525x1015_3_0-300x200.jpg 300w, https:\/\/www.estiber.com\/blog\/wp-content\/uploads\/2024\/03\/1525x1015_3_0-375x250.jpg 375w, https:\/\/www.estiber.com\/blog\/wp-content\/uploads\/2024\/03\/1525x1015_3_0-600x400.jpg 600w\" sizes=\"auto, (max-width: 750px) 100vw, 750px\" \/><\/p>\n<p>Tras la gran batalla de Simancas, exhaustos por la refriega, Abderram\u00e1n III y Fern\u00e1n Gonz\u00e1lez pactan una tregua. Las armas dejan paso entonces a las aves m\u00e1s majestuosas del norte y del sur en una gesta pac\u00edfica.<\/p>\n<p>Hay que decir que <a href=\"https:\/\/www.estiber.com\/blog\/cetreria-de-reyes-en-toledo\/\">Cetrer\u00eda de Reyes de Puy du Fou<\/a> ha dado un salto espectacular en 2026: ha incorporado <strong>m\u00e1s de 100 nuevas aves rapaces<\/strong>, alcanzando <strong>un total de 300 ejemplares<\/strong>, lo que lo sit\u00faa como uno de los mayores espect\u00e1culos de cetrer\u00eda del mundo. Halcones, \u00e1guilas y b\u00fahos sobrevolando al p\u00fablico. \u00a1Una experiencia que deja, literalmente, sin palabras!<\/p>\n<h3>Allende la Mar Oc\u00e9ana<\/h3>\n<p><img loading=\"lazy\" decoding=\"async\" class=\"alignnone wp-image-11562 size-full\" src=\"https:\/\/www.estiber.com\/blog\/wp-content\/uploads\/2024\/03\/1525x1015_4.jpg\" alt=\"Todos los espect\u00e1culos de Puy du Fou\" width=\"750\" height=\"500\" srcset=\"https:\/\/www.estiber.com\/blog\/wp-content\/uploads\/2024\/03\/1525x1015_4.jpg 750w, https:\/\/www.estiber.com\/blog\/wp-content\/uploads\/2024\/03\/1525x1015_4-300x200.jpg 300w, https:\/\/www.estiber.com\/blog\/wp-content\/uploads\/2024\/03\/1525x1015_4-375x250.jpg 375w, https:\/\/www.estiber.com\/blog\/wp-content\/uploads\/2024\/03\/1525x1015_4-600x400.jpg 600w\" sizes=\"auto, (max-width: 750px) 100vw, 750px\" \/><\/p>\n<p>\u00bfEst\u00e1s preparado para surcar los siete mares? Allende la Mar Oc\u00e9ana es un <strong>espect\u00e1culo inmersivo de tipo walkthrough<\/strong> que te har\u00e1 sentir en una aut\u00e9ntica nao del siglo XV.<\/p>\n<p>Los visitantes recorren el palacio de Granada, el puerto de Palos y los diferentes camarotes del barco, llenos de efectos especiales que trasladan al espectador a alta mar.<\/p>\n<p>Es de los mejores espect\u00e1culos Puy du Fou y el \u00fanico del parque en el que el p\u00fablico no se sienta: aqu\u00ed <strong>eres tripulante de la Santa Mar\u00eda<\/strong> y protagonista del descubrimiento de Am\u00e9rica.<\/p>\n<h3>De Tal Palo<\/h3>\n<p><img loading=\"lazy\" decoding=\"async\" class=\"alignnone wp-image-11597 size-full\" src=\"https:\/\/www.estiber.com\/blog\/wp-content\/uploads\/2024\/03\/5_2.jpg\" alt=\"Todos los espect\u00e1culos de Puy du Fou\" width=\"750\" height=\"500\" srcset=\"https:\/\/www.estiber.com\/blog\/wp-content\/uploads\/2024\/03\/5_2.jpg 750w, https:\/\/www.estiber.com\/blog\/wp-content\/uploads\/2024\/03\/5_2-300x200.jpg 300w, https:\/\/www.estiber.com\/blog\/wp-content\/uploads\/2024\/03\/5_2-375x250.jpg 375w, https:\/\/www.estiber.com\/blog\/wp-content\/uploads\/2024\/03\/5_2-600x400.jpg 600w\" sizes=\"auto, (max-width: 750px) 100vw, 750px\" \/><\/p>\n<p>Una <strong>actuaci\u00f3n inmersiva al aire libre<\/strong> con un <strong>recorrido a trav\u00e9s de seis anfiteatros<\/strong> en un jard\u00edn lleno de flores y frescor, que recorre la vida de seis personajes que comparten un mismo linaje: el del toledano Juli\u00e1n Guti\u00e9rrez.<\/p>\n<p>En boca de sus protagonistas, el p\u00fablico conoce episodios tan cruciales como el asedio de Numancia, el comienzo de la Reconquista en Covadonga, la batalla de Navas de Tolosa o la Guerra de la Independencia.<\/p>\n<p>Un espect\u00e1culo de Puy du Fou \u00edntimo, diferente y <strong>muy emotivo<\/strong> que conecta generaciones a trav\u00e9s de la historia de Espa\u00f1a.<\/p>\n<h3>El Bodeg\u00f3n del Capit\u00e1n<\/h3>\n<p><img loading=\"lazy\" decoding=\"async\" class=\"alignnone wp-image-11598 size-full\" src=\"https:\/\/www.estiber.com\/blog\/wp-content\/uploads\/2024\/03\/el-bodegon-del-capitan_5_0.jpg\" alt=\"Todos los espect\u00e1culos de Puy du Fou\" width=\"750\" height=\"500\" srcset=\"https:\/\/www.estiber.com\/blog\/wp-content\/uploads\/2024\/03\/el-bodegon-del-capitan_5_0.jpg 750w, https:\/\/www.estiber.com\/blog\/wp-content\/uploads\/2024\/03\/el-bodegon-del-capitan_5_0-300x200.jpg 300w, https:\/\/www.estiber.com\/blog\/wp-content\/uploads\/2024\/03\/el-bodegon-del-capitan_5_0-375x250.jpg 375w, https:\/\/www.estiber.com\/blog\/wp-content\/uploads\/2024\/03\/el-bodegon-del-capitan_5_0-600x400.jpg 600w\" sizes=\"auto, (max-width: 750px) 100vw, 750px\" \/><\/p>\n<p>Sus enemigos le llaman el castigo de Dios. Es Don Juan Fern\u00e1ndez de Herrera, capit\u00e1n y h\u00e9roe de los Tercios Viejos de Flandes, que regenta un bodeg\u00f3n en Villanueva del Corral mientras trata de ganarse el coraz\u00f3n de la mujer m\u00e1s bella de la comarca.<\/p>\n<p>Es uno de los espect\u00e1culos Puy du Fou que <strong>combinan comida y actuaciones<\/strong>. Los <strong>personajes interact\u00faan con los comensales<\/strong> a lo largo de todo el \u00e1gape con bromas, di\u00e1logos y momentos sorprendentes, convirtiendo a los visitantes en c\u00f3mplices del capit\u00e1n. <strong>Imprescindible reservar con antelaci\u00f3n<\/strong>, ya que las plazas se agotan r\u00e1pido.<\/p>\n<h2>Consejos para aprovechar el d\u00eda<\/h2>\n<p><img loading=\"lazy\" decoding=\"async\" class=\"alignnone wp-image-15245 size-full\" src=\"https:\/\/www.estiber.com\/blog\/wp-content\/uploads\/2024\/02\/espectaculos-puy-du-fou-consejos.jpg\" alt=\"\" width=\"750\" height=\"500\" srcset=\"https:\/\/www.estiber.com\/blog\/wp-content\/uploads\/2024\/02\/espectaculos-puy-du-fou-consejos.jpg 750w, https:\/\/www.estiber.com\/blog\/wp-content\/uploads\/2024\/02\/espectaculos-puy-du-fou-consejos-300x200.jpg 300w, https:\/\/www.estiber.com\/blog\/wp-content\/uploads\/2024\/02\/espectaculos-puy-du-fou-consejos-375x250.jpg 375w, https:\/\/www.estiber.com\/blog\/wp-content\/uploads\/2024\/02\/espectaculos-puy-du-fou-consejos-600x400.jpg 600w\" sizes=\"auto, (max-width: 750px) 100vw, 750px\" \/><\/p>\n<p>Para sacarle el m\u00e1ximo partido a los espect\u00e1culos Puy du Fou y a la visita al parque en general, te recomendamos invertir en el <a href=\"https:\/\/www.estiber.com\/blog\/pase-emocion-puy-du-fou\/\"><strong>Pase Emoci\u00f3n Puy du Fou<\/strong><\/a>, especialmente en fines de semana y temporada alta.<\/p>\n<p>Permite llegar a los espect\u00e1culos 10 minutos antes con los <strong>asientos garantizados<\/strong> y, en shows como Allende la Mar Oc\u00e9ana o De Tal Palo, da <strong>acceso prioritario<\/strong> sin necesidad de hacer cola.<\/p>\n<p>Por otro lado, antes de ir debes <strong>descargar la app oficial<\/strong> de Puy du Fou: es imprescindible para <strong>consultar los horarios<\/strong> de cada espect\u00e1culo en tiempo real, el <a href=\"https:\/\/www.estiber.com\/blog\/mapa-de-puy-du-fou\/\">mapa de Puy du Fou<\/a> y planificar el d\u00eda sin sorpresas.<\/p>\n<p>Ah, y recuerda que el parque es mucho m\u00e1s que los grandes espect\u00e1culos Puy du Fou: los poblados hist\u00f3ricos como La Puebla Real o el Askar Andalus\u00ed tienen artesanos, <a href=\"https:\/\/www.estiber.com\/blog\/restaurantes-puy-du-fou\/\">restaurantes de Puy du Fou<\/a> tem\u00e1ticos y espacios naturales cuidados al detalle. \u00a1Pasear por ellos con calma forma parte de la experiencia!<\/p>\n","protected":false},"excerpt":{"rendered":"<p>Puy du Fou Espa\u00f1a no es ni un parque tem\u00e1tico ni un parque de atracciones: es un nuevo concepto de parque centrado en ofrecer emocionantes espect\u00e1culos que nos acercan de una manera l\u00fadica, sorprendente y vivencial diferentes episodios de la historia de Espa\u00f1a. Se trata de un espacio donde tanto peque\u00f1os como mayores pueden aprender <a class=\"read-more\" href=\"https:\/\/www.estiber.com\/blog\/espectaculos-puy-du-fou\/\">&#8230;<\/a><\/p>\n","protected":false},"author":1,"featured_media":11557,"comment_status":"open","ping_status":"open","sticky":false,"template":"","format":"standard","meta":{"footnotes":""},"categories":[2],"tags":[87,106,107],"class_list":{"0":"post-11549","1":"post","2":"type-post","3":"status-publish","4":"format-standard","5":"has-post-thumbnail","6":"hentry","7":"category-noticias","8":"tag-parques-tematicos","9":"tag-puy-du-fou","10":"tag-toledo","12":"with-featured-image"},"yoast_head":"<!-- This site is optimized with the Yoast SEO plugin v27.0 - https:\/\/yoast.com\/product\/yoast-seo-wordpress\/ -->\n<title>Mejores Espect\u00e1culos Puy du Fou Espa\u00f1a 2026 | Estiber<\/title>\n<meta name=\"description\" content=\"\u00a1Exprime al m\u00e1ximo Puy du Fou Espa\u00f1a!. Descubre los mejores espect\u00e1culos diurnos, el Sue\u00f1o de Toledo y asegura tu viaje con Estiber\" \/>\n<meta name=\"robots\" content=\"index, follow, max-snippet:-1, max-image-preview:large, max-video-preview:-1\" \/>\n<link rel=\"canonical\" href=\"https:\/\/www.estiber.com\/blog\/espectaculos-puy-du-fou\/\" \/>\n<meta property=\"og:locale\" content=\"es_ES\" \/>\n<meta property=\"og:type\" content=\"article\" \/>\n<meta property=\"og:title\" content=\"Mejores Espect\u00e1culos Puy du Fou Espa\u00f1a 2026 | Estiber\" \/>\n<meta property=\"og:description\" content=\"\u00a1Exprime al m\u00e1ximo Puy du Fou Espa\u00f1a!. Descubre los mejores espect\u00e1culos diurnos, el Sue\u00f1o de Toledo y asegura tu viaje con Estiber\" \/>\n<meta property=\"og:url\" content=\"https:\/\/www.estiber.com\/blog\/espectaculos-puy-du-fou\/\" \/>\n<meta property=\"og:site_name\" content=\"Blog Estiber\" \/>\n<meta property=\"article:publisher\" content=\"https:\/\/www.facebook.com\/estiberviajes\" \/>\n<meta property=\"article:published_time\" content=\"2026-04-14T08:40:21+00:00\" \/>\n<meta property=\"article:modified_time\" content=\"2026-04-14T11:17:51+00:00\" \/>\n<meta property=\"og:image\" content=\"https:\/\/www.estiber.com\/blog\/wp-content\/uploads\/2024\/03\/0-3.jpg\" \/>\n\t<meta property=\"og:image:width\" content=\"750\" \/>\n\t<meta property=\"og:image:height\" content=\"500\" \/>\n\t<meta property=\"og:image:type\" content=\"image\/jpeg\" \/>\n<meta name=\"author\" content=\"Viajes Estiber\" \/>\n<meta name=\"twitter:card\" content=\"summary_large_image\" \/>\n<meta name=\"twitter:creator\" content=\"@estiberviajes\" \/>\n<meta name=\"twitter:site\" content=\"@estiberviajes\" \/>\n<meta name=\"twitter:label1\" content=\"Escrito por\" \/>\n\t<meta name=\"twitter:data1\" content=\"Viajes Estiber\" \/>\n\t<meta name=\"twitter:label2\" content=\"Tiempo de lectura\" \/>\n\t<meta name=\"twitter:data2\" content=\"10 minutos\" \/>\n<script type=\"application\/ld+json\" class=\"yoast-schema-graph\">{\"@context\":\"https:\/\/schema.org\",\"@graph\":[{\"@type\":\"Article\",\"@id\":\"https:\/\/www.estiber.com\/blog\/espectaculos-puy-du-fou\/#article\",\"isPartOf\":{\"@id\":\"https:\/\/www.estiber.com\/blog\/espectaculos-puy-du-fou\/\"},\"author\":{\"name\":\"Viajes Estiber\",\"@id\":\"https:\/\/www.estiber.com\/blog\/#\/schema\/person\/9b06974be0d71f639d2b3d7b67ef345a\"},\"headline\":\"Espect\u00e1culos de Puy du Fou Espa\u00f1a: Gu\u00eda Completa 2026\",\"datePublished\":\"2026-04-14T08:40:21+00:00\",\"dateModified\":\"2026-04-14T11:17:51+00:00\",\"mainEntityOfPage\":{\"@id\":\"https:\/\/www.estiber.com\/blog\/espectaculos-puy-du-fou\/\"},\"wordCount\":1684,\"commentCount\":0,\"publisher\":{\"@id\":\"https:\/\/www.estiber.com\/blog\/#organization\"},\"image\":{\"@id\":\"https:\/\/www.estiber.com\/blog\/espectaculos-puy-du-fou\/#primaryimage\"},\"thumbnailUrl\":\"https:\/\/www.estiber.com\/blog\/wp-content\/uploads\/2024\/03\/0-3.jpg\",\"keywords\":[\"Parques tem\u00e1ticos\",\"Puy du Fou\",\"Toledo\"],\"articleSection\":[\"Noticias\"],\"inLanguage\":\"es\",\"potentialAction\":[{\"@type\":\"CommentAction\",\"name\":\"Comment\",\"target\":[\"https:\/\/www.estiber.com\/blog\/espectaculos-puy-du-fou\/#respond\"]}]},{\"@type\":\"WebPage\",\"@id\":\"https:\/\/www.estiber.com\/blog\/espectaculos-puy-du-fou\/\",\"url\":\"https:\/\/www.estiber.com\/blog\/espectaculos-puy-du-fou\/\",\"name\":\"Mejores Espect\u00e1culos Puy du Fou Espa\u00f1a 2026 | Estiber\",\"isPartOf\":{\"@id\":\"https:\/\/www.estiber.com\/blog\/#website\"},\"primaryImageOfPage\":{\"@id\":\"https:\/\/www.estiber.com\/blog\/espectaculos-puy-du-fou\/#primaryimage\"},\"image\":{\"@id\":\"https:\/\/www.estiber.com\/blog\/espectaculos-puy-du-fou\/#primaryimage\"},\"thumbnailUrl\":\"https:\/\/www.estiber.com\/blog\/wp-content\/uploads\/2024\/03\/0-3.jpg\",\"datePublished\":\"2026-04-14T08:40:21+00:00\",\"dateModified\":\"2026-04-14T11:17:51+00:00\",\"description\":\"\u00a1Exprime al m\u00e1ximo Puy du Fou Espa\u00f1a!. Descubre los mejores espect\u00e1culos diurnos, el Sue\u00f1o de Toledo y asegura tu viaje con Estiber\",\"breadcrumb\":{\"@id\":\"https:\/\/www.estiber.com\/blog\/espectaculos-puy-du-fou\/#breadcrumb\"},\"inLanguage\":\"es\",\"potentialAction\":[{\"@type\":\"ReadAction\",\"target\":[\"https:\/\/www.estiber.com\/blog\/espectaculos-puy-du-fou\/\"]}]},{\"@type\":\"ImageObject\",\"inLanguage\":\"es\",\"@id\":\"https:\/\/www.estiber.com\/blog\/espectaculos-puy-du-fou\/#primaryimage\",\"url\":\"https:\/\/www.estiber.com\/blog\/wp-content\/uploads\/2024\/03\/0-3.jpg\",\"contentUrl\":\"https:\/\/www.estiber.com\/blog\/wp-content\/uploads\/2024\/03\/0-3.jpg\",\"width\":750,\"height\":500,\"caption\":\"Todos los espect\u00e1culos de Puy du Fou\"},{\"@type\":\"BreadcrumbList\",\"@id\":\"https:\/\/www.estiber.com\/blog\/espectaculos-puy-du-fou\/#breadcrumb\",\"itemListElement\":[{\"@type\":\"ListItem\",\"position\":1,\"name\":\"Portada\",\"item\":\"https:\/\/www.estiber.com\/blog\/\"},{\"@type\":\"ListItem\",\"position\":2,\"name\":\"Espect\u00e1culos de Puy du Fou Espa\u00f1a: Gu\u00eda Completa 2026\"}]},{\"@type\":\"WebSite\",\"@id\":\"https:\/\/www.estiber.com\/blog\/#website\",\"url\":\"https:\/\/www.estiber.com\/blog\/\",\"name\":\"Blog Estiber\",\"description\":\"\",\"publisher\":{\"@id\":\"https:\/\/www.estiber.com\/blog\/#organization\"},\"potentialAction\":[{\"@type\":\"SearchAction\",\"target\":{\"@type\":\"EntryPoint\",\"urlTemplate\":\"https:\/\/www.estiber.com\/blog\/?s={search_term_string}\"},\"query-input\":{\"@type\":\"PropertyValueSpecification\",\"valueRequired\":true,\"valueName\":\"search_term_string\"}}],\"inLanguage\":\"es\"},{\"@type\":\"Organization\",\"@id\":\"https:\/\/www.estiber.com\/blog\/#organization\",\"name\":\"Viajes Estiber\",\"url\":\"https:\/\/www.estiber.com\/blog\/\",\"logo\":{\"@type\":\"ImageObject\",\"inLanguage\":\"es\",\"@id\":\"https:\/\/www.estiber.com\/blog\/#\/schema\/logo\/image\/\",\"url\":\"https:\/\/www.estiber.com\/blog\/wp-content\/uploads\/2017\/05\/estiber-ofertas-esqui-2.jpg\",\"contentUrl\":\"https:\/\/www.estiber.com\/blog\/wp-content\/uploads\/2017\/05\/estiber-ofertas-esqui-2.jpg\",\"width\":800,\"height\":800,\"caption\":\"Viajes Estiber\"},\"image\":{\"@id\":\"https:\/\/www.estiber.com\/blog\/#\/schema\/logo\/image\/\"},\"sameAs\":[\"https:\/\/www.facebook.com\/estiberviajes\",\"https:\/\/x.com\/estiberviajes\",\"https:\/\/www.instagram.com\/estiberviajes\/\",\"https:\/\/www.pinterest.com\/estiberviajes\/\"]},{\"@type\":\"Person\",\"@id\":\"https:\/\/www.estiber.com\/blog\/#\/schema\/person\/9b06974be0d71f639d2b3d7b67ef345a\",\"name\":\"Viajes Estiber\",\"image\":{\"@type\":\"ImageObject\",\"inLanguage\":\"es\",\"@id\":\"https:\/\/www.estiber.com\/blog\/#\/schema\/person\/image\/\",\"url\":\"https:\/\/secure.gravatar.com\/avatar\/051495a22a5ce727b6909eb86316af3cfcc7b5e4dea54b863ed8d2281ec15d4a?s=96&d=mm&r=g\",\"contentUrl\":\"https:\/\/secure.gravatar.com\/avatar\/051495a22a5ce727b6909eb86316af3cfcc7b5e4dea54b863ed8d2281ec15d4a?s=96&d=mm&r=g\",\"caption\":\"Viajes Estiber\"},\"description\":\"Ofertas de esqu\u00ed en Andorra, Alpes, Pirineo y Sierra Nevada. Encuentra ofertas de ski hotel m\u00e1s forfait y viajes de esqu\u00ed al mejor precio.\",\"url\":\"https:\/\/www.estiber.com\/blog\/author\/estiber\/\"}]}<\/script>\n<!-- \/ Yoast SEO plugin. -->","yoast_head_json":{"title":"Mejores Espect\u00e1culos Puy du Fou Espa\u00f1a 2026 | Estiber","description":"\u00a1Exprime al m\u00e1ximo Puy du Fou Espa\u00f1a!. Descubre los mejores espect\u00e1culos diurnos, el Sue\u00f1o de Toledo y asegura tu viaje con Estiber","robots":{"index":"index","follow":"follow","max-snippet":"max-snippet:-1","max-image-preview":"max-image-preview:large","max-video-preview":"max-video-preview:-1"},"canonical":"https:\/\/www.estiber.com\/blog\/espectaculos-puy-du-fou\/","og_locale":"es_ES","og_type":"article","og_title":"Mejores Espect\u00e1culos Puy du Fou Espa\u00f1a 2026 | Estiber","og_description":"\u00a1Exprime al m\u00e1ximo Puy du Fou Espa\u00f1a!. Descubre los mejores espect\u00e1culos diurnos, el Sue\u00f1o de Toledo y asegura tu viaje con Estiber","og_url":"https:\/\/www.estiber.com\/blog\/espectaculos-puy-du-fou\/","og_site_name":"Blog Estiber","article_publisher":"https:\/\/www.facebook.com\/estiberviajes","article_published_time":"2026-04-14T08:40:21+00:00","article_modified_time":"2026-04-14T11:17:51+00:00","og_image":[{"width":750,"height":500,"url":"https:\/\/www.estiber.com\/blog\/wp-content\/uploads\/2024\/03\/0-3.jpg","type":"image\/jpeg"}],"author":"Viajes Estiber","twitter_card":"summary_large_image","twitter_creator":"@estiberviajes","twitter_site":"@estiberviajes","twitter_misc":{"Escrito por":"Viajes Estiber","Tiempo de lectura":"10 minutos"},"schema":{"@context":"https:\/\/schema.org","@graph":[{"@type":"Article","@id":"https:\/\/www.estiber.com\/blog\/espectaculos-puy-du-fou\/#article","isPartOf":{"@id":"https:\/\/www.estiber.com\/blog\/espectaculos-puy-du-fou\/"},"author":{"name":"Viajes Estiber","@id":"https:\/\/www.estiber.com\/blog\/#\/schema\/person\/9b06974be0d71f639d2b3d7b67ef345a"},"headline":"Espect\u00e1culos de Puy du Fou Espa\u00f1a: Gu\u00eda Completa 2026","datePublished":"2026-04-14T08:40:21+00:00","dateModified":"2026-04-14T11:17:51+00:00","mainEntityOfPage":{"@id":"https:\/\/www.estiber.com\/blog\/espectaculos-puy-du-fou\/"},"wordCount":1684,"commentCount":0,"publisher":{"@id":"https:\/\/www.estiber.com\/blog\/#organization"},"image":{"@id":"https:\/\/www.estiber.com\/blog\/espectaculos-puy-du-fou\/#primaryimage"},"thumbnailUrl":"https:\/\/www.estiber.com\/blog\/wp-content\/uploads\/2024\/03\/0-3.jpg","keywords":["Parques tem\u00e1ticos","Puy du Fou","Toledo"],"articleSection":["Noticias"],"inLanguage":"es","potentialAction":[{"@type":"CommentAction","name":"Comment","target":["https:\/\/www.estiber.com\/blog\/espectaculos-puy-du-fou\/#respond"]}]},{"@type":"WebPage","@id":"https:\/\/www.estiber.com\/blog\/espectaculos-puy-du-fou\/","url":"https:\/\/www.estiber.com\/blog\/espectaculos-puy-du-fou\/","name":"Mejores Espect\u00e1culos Puy du Fou Espa\u00f1a 2026 | Estiber","isPartOf":{"@id":"https:\/\/www.estiber.com\/blog\/#website"},"primaryImageOfPage":{"@id":"https:\/\/www.estiber.com\/blog\/espectaculos-puy-du-fou\/#primaryimage"},"image":{"@id":"https:\/\/www.estiber.com\/blog\/espectaculos-puy-du-fou\/#primaryimage"},"thumbnailUrl":"https:\/\/www.estiber.com\/blog\/wp-content\/uploads\/2024\/03\/0-3.jpg","datePublished":"2026-04-14T08:40:21+00:00","dateModified":"2026-04-14T11:17:51+00:00","description":"\u00a1Exprime al m\u00e1ximo Puy du Fou Espa\u00f1a!. Descubre los mejores espect\u00e1culos diurnos, el Sue\u00f1o de Toledo y asegura tu viaje con Estiber","breadcrumb":{"@id":"https:\/\/www.estiber.com\/blog\/espectaculos-puy-du-fou\/#breadcrumb"},"inLanguage":"es","potentialAction":[{"@type":"ReadAction","target":["https:\/\/www.estiber.com\/blog\/espectaculos-puy-du-fou\/"]}]},{"@type":"ImageObject","inLanguage":"es","@id":"https:\/\/www.estiber.com\/blog\/espectaculos-puy-du-fou\/#primaryimage","url":"https:\/\/www.estiber.com\/blog\/wp-content\/uploads\/2024\/03\/0-3.jpg","contentUrl":"https:\/\/www.estiber.com\/blog\/wp-content\/uploads\/2024\/03\/0-3.jpg","width":750,"height":500,"caption":"Todos los espect\u00e1culos de Puy du Fou"},{"@type":"BreadcrumbList","@id":"https:\/\/www.estiber.com\/blog\/espectaculos-puy-du-fou\/#breadcrumb","itemListElement":[{"@type":"ListItem","position":1,"name":"Portada","item":"https:\/\/www.estiber.com\/blog\/"},{"@type":"ListItem","position":2,"name":"Espect\u00e1culos de Puy du Fou Espa\u00f1a: Gu\u00eda Completa 2026"}]},{"@type":"WebSite","@id":"https:\/\/www.estiber.com\/blog\/#website","url":"https:\/\/www.estiber.com\/blog\/","name":"Blog Estiber","description":"","publisher":{"@id":"https:\/\/www.estiber.com\/blog\/#organization"},"potentialAction":[{"@type":"SearchAction","target":{"@type":"EntryPoint","urlTemplate":"https:\/\/www.estiber.com\/blog\/?s={search_term_string}"},"query-input":{"@type":"PropertyValueSpecification","valueRequired":true,"valueName":"search_term_string"}}],"inLanguage":"es"},{"@type":"Organization","@id":"https:\/\/www.estiber.com\/blog\/#organization","name":"Viajes Estiber","url":"https:\/\/www.estiber.com\/blog\/","logo":{"@type":"ImageObject","inLanguage":"es","@id":"https:\/\/www.estiber.com\/blog\/#\/schema\/logo\/image\/","url":"https:\/\/www.estiber.com\/blog\/wp-content\/uploads\/2017\/05\/estiber-ofertas-esqui-2.jpg","contentUrl":"https:\/\/www.estiber.com\/blog\/wp-content\/uploads\/2017\/05\/estiber-ofertas-esqui-2.jpg","width":800,"height":800,"caption":"Viajes Estiber"},"image":{"@id":"https:\/\/www.estiber.com\/blog\/#\/schema\/logo\/image\/"},"sameAs":["https:\/\/www.facebook.com\/estiberviajes","https:\/\/x.com\/estiberviajes","https:\/\/www.instagram.com\/estiberviajes\/","https:\/\/www.pinterest.com\/estiberviajes\/"]},{"@type":"Person","@id":"https:\/\/www.estiber.com\/blog\/#\/schema\/person\/9b06974be0d71f639d2b3d7b67ef345a","name":"Viajes Estiber","image":{"@type":"ImageObject","inLanguage":"es","@id":"https:\/\/www.estiber.com\/blog\/#\/schema\/person\/image\/","url":"https:\/\/secure.gravatar.com\/avatar\/051495a22a5ce727b6909eb86316af3cfcc7b5e4dea54b863ed8d2281ec15d4a?s=96&d=mm&r=g","contentUrl":"https:\/\/secure.gravatar.com\/avatar\/051495a22a5ce727b6909eb86316af3cfcc7b5e4dea54b863ed8d2281ec15d4a?s=96&d=mm&r=g","caption":"Viajes Estiber"},"description":"Ofertas de esqu\u00ed en Andorra, Alpes, Pirineo y Sierra Nevada. Encuentra ofertas de ski hotel m\u00e1s forfait y viajes de esqu\u00ed al mejor precio.","url":"https:\/\/www.estiber.com\/blog\/author\/estiber\/"}]}},"_links":{"self":[{"href":"https:\/\/www.estiber.com\/blog\/wp-json\/wp\/v2\/posts\/11549","targetHints":{"allow":["GET"]}}],"collection":[{"href":"https:\/\/www.estiber.com\/blog\/wp-json\/wp\/v2\/posts"}],"about":[{"href":"https:\/\/www.estiber.com\/blog\/wp-json\/wp\/v2\/types\/post"}],"author":[{"embeddable":true,"href":"https:\/\/www.estiber.com\/blog\/wp-json\/wp\/v2\/users\/1"}],"replies":[{"embeddable":true,"href":"https:\/\/www.estiber.com\/blog\/wp-json\/wp\/v2\/comments?post=11549"}],"version-history":[{"count":28,"href":"https:\/\/www.estiber.com\/blog\/wp-json\/wp\/v2\/posts\/11549\/revisions"}],"predecessor-version":[{"id":15246,"href":"https:\/\/www.estiber.com\/blog\/wp-json\/wp\/v2\/posts\/11549\/revisions\/15246"}],"wp:featuredmedia":[{"embeddable":true,"href":"https:\/\/www.estiber.com\/blog\/wp-json\/wp\/v2\/media\/11557"}],"wp:attachment":[{"href":"https:\/\/www.estiber.com\/blog\/wp-json\/wp\/v2\/media?parent=11549"}],"wp:term":[{"taxonomy":"category","embeddable":true,"href":"https:\/\/www.estiber.com\/blog\/wp-json\/wp\/v2\/categories?post=11549"},{"taxonomy":"post_tag","embeddable":true,"href":"https:\/\/www.estiber.com\/blog\/wp-json\/wp\/v2\/tags?post=11549"}],"curies":[{"name":"wp","href":"https:\/\/api.w.org\/{rel}","templated":true}]}}