{"id":10311,"date":"2023-10-25T14:24:56","date_gmt":"2023-10-25T14:24:56","guid":{"rendered":"https:\/\/www.estiber.com\/blog\/?p=10311"},"modified":"2024-05-24T09:28:54","modified_gmt":"2024-05-24T09:28:54","slug":"telecabina-de-la-massana","status":"publish","type":"post","link":"https:\/\/www.estiber.com\/blog\/telecabina-de-la-massana\/","title":{"rendered":"Telecabina de la Massana: c\u00f3mo llegar, horario, precio y consejos"},"content":{"rendered":"<p>Andorra es el pa\u00eds de la nieve por excelencia. Hoy nos acercaremos a una estaci\u00f3n de esqu\u00ed ubicada en un entorno privilegiado, conocida por no tener apenas masificaciones y por estar en un <strong>entorno virgen con grandes masas de bosque de pino negro<\/strong>: Pal-Arinsal.<\/p>\n<p>En tu pr\u00f3ximo viaje de <a href=\"https:\/\/www.estiber.com\/es_ES\/ofertas-esqui-pal-arinsal\">hotel + forfait en Pal Arinsal<\/a> te espera un gran dominio esquiable de <strong>63 kil\u00f3metros<\/strong> con <strong>44 pistas<\/strong>, de las cuales 7 son verdes, 18 son azules, 17 son rojas y 4 son negras. Nos podemos desplazar por la estaci\u00f3n gracias a una extensa red de <strong>32 remontes mec\u00e1nicos<\/strong>, entre los que destacan dos impresionantes telecabinas, con un trayecto y unas vistas que dif\u00edcilmente olvidar\u00e1s: el <strong>Telecabina La Massana y el Telecabina Arinsal<\/strong>. Adem\u00e1s, Pal Arinsal es una de las <a href=\"https:\/\/www.estiber.com\/blog\/que-estacion-de-esqui-es-la-mas-barata\/\">estaciones de esqu\u00ed m\u00e1s baratas<\/a>.<\/p>\n<p>Incluso las personas que no esqu\u00edan, vivir\u00e1n una experiencia inolvidable a bordo de estos remontes. Esta claro que, esquiar en Andorra es uno de las mejores actividades <a href=\"https:\/\/www.estiber.com\/blog\/que-ver-y-hacer-en-andorra-9-cosas-que-no-debes-perderte\/\">qu\u00e9 ver y hacer en Andorra<\/a>.<\/p>\n<p>\u00bfC\u00f3mo podemos llegar a ellos? \u00bfQu\u00e9 espacios conectan? \u00bfQu\u00e9 precio tienen? \u00bfEn qu\u00e9 horario funcionan? Conoce aqu\u00ed todos los <strong>detalles de estos remontes<\/strong> de Pal-Arinsal.<\/p>\n<p><iframe loading=\"lazy\" title=\"PURA EXPERIENCIA con Vallnord - Pal Arinsal\" width=\"925\" height=\"520\" src=\"https:\/\/www.youtube.com\/embed\/UEyCsKPU19k?feature=oembed\" frameborder=\"0\" allow=\"accelerometer; autoplay; clipboard-write; encrypted-media; gyroscope; picture-in-picture; web-share\" referrerpolicy=\"strict-origin-when-cross-origin\" allowfullscreen><\/iframe><\/p>\n<h2>C\u00f3mo llegar al telecabina La Massana<\/h2>\n<p><img loading=\"lazy\" decoding=\"async\" class=\"alignnone wp-image-10346 size-full\" src=\"https:\/\/www.estiber.com\/blog\/wp-content\/uploads\/2023\/10\/telecabina-la-massana.jpg\" alt=\"telecabina la massana\" width=\"750\" height=\"500\" srcset=\"https:\/\/www.estiber.com\/blog\/wp-content\/uploads\/2023\/10\/telecabina-la-massana.jpg 750w, https:\/\/www.estiber.com\/blog\/wp-content\/uploads\/2023\/10\/telecabina-la-massana-300x200.jpg 300w, https:\/\/www.estiber.com\/blog\/wp-content\/uploads\/2023\/10\/telecabina-la-massana-375x250.jpg 375w, https:\/\/www.estiber.com\/blog\/wp-content\/uploads\/2023\/10\/telecabina-la-massana-600x400.jpg 600w\" sizes=\"auto, (max-width: 750px) 100vw, 750px\" \/><\/p>\n<p>Es muy f\u00e1cil llegar a la base desde donde sale el Telecabina La Massana que <strong>deja en el sector de Pal<\/strong>, ya que se encuentra <strong>en el centro de la poblaci\u00f3n<\/strong>. Solo tendremos que seguir la carretera CG-3 hasta que veamos las instalaciones (est\u00e1n al lado del Hotel M\u00e0gic Ski).<\/p>\n<p>En el mismo edificio del telecabina se puede dejar el coche, aunque el <strong>aparcamiento<\/strong> aqu\u00ed es <strong>de pago<\/strong>. En los alrededores podemos aparcar de forma gratuita; por ejemplo, suele haber sitio al principio del pueblo, entrando por el sur. Eso s\u00ed, no nos tiene que importar <strong>caminar unos 10 minutos<\/strong> con el material de esqu\u00ed.<\/p>\n<p>Por otro lado, podemos subir a la parte alta del telef\u00e9rico de La Massana con las l\u00edneas de <strong>autobuses regulares<\/strong> que conectan los pueblos de los alrededores con la estaci\u00f3n de esqu\u00ed, por lo que, si reservas un <a href=\"https:\/\/www.estiber.com\/es_ES\/ofertas-esqui-andorra\">hotel m\u00e1s forfait en Andora<\/a> y no est\u00e1 a pie de pistas no debes preocuparte porque est\u00e1 todo conectado. Est\u00e1 el <strong>bus gratuito<\/strong> que hace el recorrido Pas de la Casa \u2013 Encamp (donde se ubica el famoso <a href=\"https:\/\/www.estiber.com\/blog\/funicamp-que-es\/\">Funicamp<\/a>) \u2013 La Massana \u2013 Arcal\u00eds; las l\u00edneas M1, M2 y M3 interparroquiales de La Massana (tambi\u00e9n gratuitos); adem\u00e1s de las <strong>l\u00edneas circulares<\/strong> Arinsal \u2013 La Massana \u2013Arcal\u00eds y Arinsal \u2013 Erts \u2013 La Massana<\/p>\n<h2>C\u00f3mo es el Telecabina La Massana<\/h2>\n<p><img loading=\"lazy\" decoding=\"async\" class=\"alignnone wp-image-10347 size-full\" src=\"https:\/\/www.estiber.com\/blog\/wp-content\/uploads\/2023\/10\/como-es-telecabina-la-massana.jpg\" alt=\"telecabina la massana\" width=\"750\" height=\"500\" srcset=\"https:\/\/www.estiber.com\/blog\/wp-content\/uploads\/2023\/10\/como-es-telecabina-la-massana.jpg 750w, https:\/\/www.estiber.com\/blog\/wp-content\/uploads\/2023\/10\/como-es-telecabina-la-massana-300x200.jpg 300w, https:\/\/www.estiber.com\/blog\/wp-content\/uploads\/2023\/10\/como-es-telecabina-la-massana-375x250.jpg 375w, https:\/\/www.estiber.com\/blog\/wp-content\/uploads\/2023\/10\/como-es-telecabina-la-massana-600x400.jpg 600w\" sizes=\"auto, (max-width: 750px) 100vw, 750px\" \/><\/p>\n<p>Este remonte que facilita el acceso a las pistas de Pal-Arinsal consta de unas <strong>cabinas con seis pasajeros<\/strong>, preparadas para garantizar un viaje c\u00f3modo y seguro. Sale <strong>desde los 1.825 metros<\/strong> de altitud (desde el mismo pueblo) y asciende <strong>hasta los 2.500 metros<\/strong> sobre el nivel del mar, superando un gran desnivel de 675 metros.<\/p>\n<p>Desde las cabinas tendremos una <strong>preciosa panor\u00e1mica<\/strong>, a vista de p\u00e1jaro, de las pistas de la estaci\u00f3n de esqu\u00ed. <strong>Llegaremos hasta la zona de Pal<\/strong>, donde podremos disfrutar de la nieve en invierno o de diferentes rutas de monta\u00f1a por los alrededores en verano, a pie o descensos en bicicleta, planes imprescinidibles para conocer <a href=\"https:\/\/www.estiber.com\/blog\/que-hacer-en-andorra-en-verano\/\">Andorra en verano<\/a>.<\/p>\n<p>En el punto de llegada est\u00e1 el <strong>Mountain Park Vallnord<\/strong>, con actividades de aventura para ni\u00f1os y adultos; el Bike Park, para hacer movimientos imposibles con la bicicleta de monta\u00f1a; bares y restaurantes; zonas de picnic; y conexi\u00f3n wifi (de la estaci\u00f3n de Pal-Arinsal).<\/p>\n<h2>El horario del Telecabina La Massana<\/h2>\n<p><img loading=\"lazy\" decoding=\"async\" class=\"alignnone wp-image-10345 size-full\" src=\"https:\/\/www.estiber.com\/blog\/wp-content\/uploads\/2023\/10\/horario-telecabina-la-massana.jpg\" alt=\"\" width=\"750\" height=\"500\" srcset=\"https:\/\/www.estiber.com\/blog\/wp-content\/uploads\/2023\/10\/horario-telecabina-la-massana.jpg 750w, https:\/\/www.estiber.com\/blog\/wp-content\/uploads\/2023\/10\/horario-telecabina-la-massana-300x200.jpg 300w, https:\/\/www.estiber.com\/blog\/wp-content\/uploads\/2023\/10\/horario-telecabina-la-massana-375x250.jpg 375w, https:\/\/www.estiber.com\/blog\/wp-content\/uploads\/2023\/10\/horario-telecabina-la-massana-600x400.jpg 600w\" sizes=\"auto, (max-width: 750px) 100vw, 750px\" \/><\/p>\n<p>El Telecabina La Massana es un remonte que <strong>abre pr\u00e1cticamente todos los meses<\/strong> del a\u00f1o. En invierno es una herramienta indispensable para disfrutar de las pistas de esqu\u00ed m\u00e1s altas del sector de Pal y, en verano, un transporte que sigue funcionando para ascender f\u00e1cilmente a los entornos m\u00e1s bonitos de la estaci\u00f3n andorrana para hacer rutas.<\/p>\n<p>Los <strong>horarios<\/strong> del telef\u00e9rico La Massana <strong>pueden variar<\/strong> <strong>en funci\u00f3n de las condiciones meteorol\u00f3gicas, de la apertura y cierre de la temporada de esqu\u00ed<\/strong>, etc. Pero de manera aproximada, estos son los intervalos en los que est\u00e1 en funcionamiento: entre junio y septiembre (horario de verano), abre todos los d\u00edas de 10h a 17h; entre septiembre y octubre (antes del inicio de la temporada de esqu\u00ed), est\u00e1 en marcha los s\u00e1bados y domingos de 10h a 17h; en temporada de esqu\u00ed, suele abrir todos los d\u00edas de 8.30h a 17h.<\/p>\n<h2>El precio del Telecabina La Massana<\/h2>\n<p><img loading=\"lazy\" decoding=\"async\" class=\"alignnone wp-image-10349 size-full\" src=\"https:\/\/www.estiber.com\/blog\/wp-content\/uploads\/2023\/10\/precio-telecabina-la-massana.jpg\" alt=\"\" width=\"750\" height=\"500\" srcset=\"https:\/\/www.estiber.com\/blog\/wp-content\/uploads\/2023\/10\/precio-telecabina-la-massana.jpg 750w, https:\/\/www.estiber.com\/blog\/wp-content\/uploads\/2023\/10\/precio-telecabina-la-massana-300x200.jpg 300w, https:\/\/www.estiber.com\/blog\/wp-content\/uploads\/2023\/10\/precio-telecabina-la-massana-375x250.jpg 375w, https:\/\/www.estiber.com\/blog\/wp-content\/uploads\/2023\/10\/precio-telecabina-la-massana-600x400.jpg 600w\" sizes=\"auto, (max-width: 750px) 100vw, 750px\" \/><\/p>\n<p>El Telecabina La Massana est\u00e1 <strong>incluido en el precio del forfait<\/strong> para esquiar en Pal-Arinsal durante la temporada de esqu\u00ed, igual que todos los remontes que permiten a los esquiadores desplazarse por todo su dominio esquiable.<\/p>\n<p>En el caso de que quieran comprar el acceso al telecabina de Pal los <strong>acompa\u00f1antes <\/strong>para subir hasta este sector y disfrutar de las vistas, dar un paseo por la nieve, gozar del sol en la monta\u00f1a en una terraza o participar en una de las actividades complementarias que se realizan en la nieve (raquetas, motos de nieve, mushing, etc.), se puede comprar el <strong>pase peat\u00f3n Pal Arinsal<\/strong>. Es un plan ideal para estar en contacto directo con la nieve y disfrutar de un ambiente de esqu\u00ed, as\u00ed que si no sabes <a href=\"https:\/\/www.estiber.com\/blog\/que-hacer-en-una-estacion-de-esqui-si-no-esquias\/\">qu\u00e9 hacer en una estaci\u00f3n de esqu\u00ed si no esquias<\/a>, esta es tu soluci\u00f3n.<\/p>\n<p>Este incluye el acceso al Telecabina La Massana de Pal, al Telecabina de Arinsal y al Telesilla Josep Serra de Arinsal: cuesta 16,50 euros y permite dos subidas y dos bajadas el mismo d\u00eda.<\/p>\n<h2>Otro telecabina de Vallnord: Telecabina de Arinsal<\/h2>\n<p><img loading=\"lazy\" decoding=\"async\" class=\"alignnone wp-image-10342 size-full\" src=\"https:\/\/www.estiber.com\/blog\/wp-content\/uploads\/2023\/10\/precio-telecabina-arinsal.jpg\" alt=\"telecabina la massana\" width=\"750\" height=\"500\" srcset=\"https:\/\/www.estiber.com\/blog\/wp-content\/uploads\/2023\/10\/precio-telecabina-arinsal.jpg 750w, https:\/\/www.estiber.com\/blog\/wp-content\/uploads\/2023\/10\/precio-telecabina-arinsal-300x200.jpg 300w, https:\/\/www.estiber.com\/blog\/wp-content\/uploads\/2023\/10\/precio-telecabina-arinsal-375x250.jpg 375w, https:\/\/www.estiber.com\/blog\/wp-content\/uploads\/2023\/10\/precio-telecabina-arinsal-600x400.jpg 600w\" sizes=\"auto, (max-width: 750px) 100vw, 750px\" \/><\/p>\n<p>El Telecabina Arinsal <strong>se coge en la zona de Pal<\/strong>, por lo que tendremos que llegar primero al sector al que llega el remonte de La Massana y que hemos visto antes.<\/p>\n<p>En este caso, se trata de un remonte con espectaculares vistas que transporta a los esquiadores, senderistas o peatones <strong>desde Pal, a 2.065 metros de altitud<\/strong>, hasta Port Negre y <a href=\"https:\/\/www.estiber.com\/blog\/comapedrosa-en-andorra\/?_gl=1*10fokfj*_up*MQ..*_ga*MTUyMzUyNTA2OC4xNzE2NTQyNDEy*_ga_JG64XSL9XH*MTcxNjU0MjQxMi4xLjEuMTcxNjU0MjQ0NC4wLjAuMjM4ODY5NTg3\">el valle de Comapedrosa<\/a>, <strong>hasta los 2.489 metros<\/strong>. Desde aqu\u00ed podremos llegar f\u00e1cilmente a paisajes de ensue\u00f1o con sus lagos y refugios de alta monta\u00f1a en una zona que es reserva de la biosfera.<\/p>\n<p>El Telecabina Arinsal sigue el<strong> mismo horario de apertura de las pistas de Pal Arinsal<\/strong> durante la temporada de esqu\u00ed: de 9h a 17h. Los meses de <strong>verano<\/strong>, en los que tambi\u00e9n est\u00e1 abierto para acercar a la mayor parte de la poblaci\u00f3n las zonas m\u00e1s altas del Pirineo de Andorra, abre <strong>de 9.30h a 17.30h<\/strong>.<\/p>\n<p>El viaje del telef\u00e9rico de Arinsal es algo m\u00e1s breve que el de La Massana, as\u00ed que tambi\u00e9n es algo m\u00e1s econ\u00f3mico: durante la <strong>\u00e9poca estival, cuesta 3 euros ida y vuelta<\/strong>. Durante la temporada de esqu\u00ed, como es habitual, <strong>el forfait de la estaci\u00f3n Pal Arinsal y el <a href=\"https:\/\/www.estiber.com\/blog\/andorra-pass-vs-nordpass\/\">forfait de Nordpass<\/a> incluye el acceso ilimitado<\/strong> a todos los remontes durante la jornada o jornadas de los pases.<\/p>\n<h2>\u00bfC\u00f3mo es la estaci\u00f3n de esqu\u00ed de Pal-Arinsal?<\/h2>\n<p><img loading=\"lazy\" decoding=\"async\" class=\"alignnone wp-image-10343 size-full\" src=\"https:\/\/www.estiber.com\/blog\/wp-content\/uploads\/2023\/10\/estacion-esqui-pal-arinsal.jpg\" alt=\"telecabina la massana\" width=\"750\" height=\"500\" srcset=\"https:\/\/www.estiber.com\/blog\/wp-content\/uploads\/2023\/10\/estacion-esqui-pal-arinsal.jpg 750w, https:\/\/www.estiber.com\/blog\/wp-content\/uploads\/2023\/10\/estacion-esqui-pal-arinsal-300x200.jpg 300w, https:\/\/www.estiber.com\/blog\/wp-content\/uploads\/2023\/10\/estacion-esqui-pal-arinsal-375x250.jpg 375w, https:\/\/www.estiber.com\/blog\/wp-content\/uploads\/2023\/10\/estacion-esqui-pal-arinsal-600x400.jpg 600w\" sizes=\"auto, (max-width: 750px) 100vw, 750px\" \/><\/p>\n<p>Ya conoces los dos grandes telecabinas de la estaci\u00f3n de esqu\u00ed de Pal Arinsal, conocida por su prestigio internacional y por albergar diferentes Copas del Mundo y por tener dos sectores bien diferenciados: <strong>Pal<\/strong>, ideal <strong>para <a href=\"https:\/\/www.estiber.com\/blog\/estaciones-para-principiantes-andorra\/\">esquiar en Andorra para principiantes<\/a><\/strong>\u00a0y para las <strong>familias<\/strong> y <strong>grupos escolares<\/strong>, con pistas muy <strong>amplias y de pendiente suave<\/strong>, sin duda esquiar es uno de los <a href=\"https:\/\/www.estiber.com\/blog\/los-mejores-planes-para-hacer-con-ninos-en-andorra\/\">mejores planes que hacer con ni\u00f1os en Andorra<\/a>; y <strong>Arinsal<\/strong>, que es todo lo contrario, un lugar perfecto para los <strong>esquiadores m\u00e1s habilidosos<\/strong> y experimentados, con un desnivel impresionante de m\u00e1s de 1.000 metros, lleno de pistas rojas y negras, as\u00ed como \u00e1reas muy conocidas para el freeride y son un <strong>snowpark<\/strong> con m\u00f3dulos de diferentes niveles de dificultad.<\/p>\n<p>Esta estaci\u00f3n de Andorra tambi\u00e9n es muy <strong>conocida por sus actividades complementarias<\/strong> al esqu\u00ed: podemos <strong>subir en Gica<\/strong>, un veh\u00edculo oruga que se mueve por la nieve; hacer <strong>vuelos en helic\u00f3ptero<\/strong>; rutas guiadas con raquetas de nieve; recibir <strong>clases<\/strong> para adentrarte en el salvaje mundo del esqu\u00ed de monta\u00f1a; o recorrer la estaci\u00f3n<strong> a bordo de m\u00e1quinas pisanieves<\/strong> (snow retrack), entre otras posibilidades.<\/p>\n","protected":false},"excerpt":{"rendered":"<p>Andorra es el pa\u00eds de la nieve por excelencia. Hoy nos acercaremos a una estaci\u00f3n de esqu\u00ed ubicada en un entorno privilegiado, conocida por no tener apenas masificaciones y por estar en un entorno virgen con grandes masas de bosque de pino negro: Pal-Arinsal. En tu pr\u00f3ximo viaje de hotel + forfait en Pal Arinsal <a class=\"read-more\" href=\"https:\/\/www.estiber.com\/blog\/telecabina-de-la-massana\/\">&#8230;<\/a><\/p>\n","protected":false},"author":1,"featured_media":10344,"comment_status":"open","ping_status":"open","sticky":false,"template":"","format":"standard","meta":{"footnotes":""},"categories":[2],"tags":[88,45,47],"class_list":{"0":"post-10311","1":"post","2":"type-post","3":"status-publish","4":"format-standard","5":"has-post-thumbnail","6":"hentry","7":"category-noticias","8":"tag-esqui","9":"tag-estacion-esqui-vallnord","10":"tag-estacion-esqui-pal-arinsal","12":"with-featured-image"},"yoast_head":"<!-- This site is optimized with the Yoast SEO plugin v27.0 - https:\/\/yoast.com\/product\/yoast-seo-wordpress\/ -->\n<title>Telecabina de la Massana: c\u00f3mo llegar, horario, precio y consejos<\/title>\n<meta name=\"description\" content=\"El telecabina de la Massana nos permiten llegar a pistas de una forma \u00fanica, contemplando los incre\u00edbles paisajes que nos ofrece Andorra.\" \/>\n<meta name=\"robots\" content=\"index, follow, max-snippet:-1, max-image-preview:large, max-video-preview:-1\" \/>\n<link rel=\"canonical\" href=\"https:\/\/www.estiber.com\/blog\/telecabina-de-la-massana\/\" \/>\n<meta property=\"og:locale\" content=\"es_ES\" \/>\n<meta property=\"og:type\" content=\"article\" \/>\n<meta property=\"og:title\" content=\"Telecabina de la Massana: c\u00f3mo llegar, horario, precio y consejos\" \/>\n<meta property=\"og:description\" content=\"El telecabina de la Massana nos permiten llegar a pistas de una forma \u00fanica, contemplando los incre\u00edbles paisajes que nos ofrece Andorra.\" \/>\n<meta property=\"og:url\" content=\"https:\/\/www.estiber.com\/blog\/telecabina-de-la-massana\/\" \/>\n<meta property=\"og:site_name\" content=\"Blog Estiber\" \/>\n<meta property=\"article:publisher\" content=\"https:\/\/www.facebook.com\/estiberviajes\" \/>\n<meta property=\"article:published_time\" content=\"2023-10-25T14:24:56+00:00\" \/>\n<meta property=\"article:modified_time\" content=\"2024-05-24T09:28:54+00:00\" \/>\n<meta property=\"og:image\" content=\"https:\/\/www.estiber.com\/blog\/wp-content\/uploads\/2023\/10\/telecabina-massana-arinsal.jpg\" \/>\n\t<meta property=\"og:image:width\" content=\"750\" \/>\n\t<meta property=\"og:image:height\" content=\"500\" \/>\n\t<meta property=\"og:image:type\" content=\"image\/jpeg\" \/>\n<meta name=\"author\" content=\"Viajes Estiber\" \/>\n<meta name=\"twitter:card\" content=\"summary_large_image\" \/>\n<meta name=\"twitter:creator\" content=\"@estiberviajes\" \/>\n<meta name=\"twitter:site\" content=\"@estiberviajes\" \/>\n<meta name=\"twitter:label1\" content=\"Escrito por\" \/>\n\t<meta name=\"twitter:data1\" content=\"Viajes Estiber\" \/>\n\t<meta name=\"twitter:label2\" content=\"Tiempo de lectura\" \/>\n\t<meta name=\"twitter:data2\" content=\"8 minutos\" \/>\n<script type=\"application\/ld+json\" class=\"yoast-schema-graph\">{\"@context\":\"https:\/\/schema.org\",\"@graph\":[{\"@type\":\"Article\",\"@id\":\"https:\/\/www.estiber.com\/blog\/telecabina-de-la-massana\/#article\",\"isPartOf\":{\"@id\":\"https:\/\/www.estiber.com\/blog\/telecabina-de-la-massana\/\"},\"author\":{\"name\":\"Viajes Estiber\",\"@id\":\"https:\/\/www.estiber.com\/blog\/#\/schema\/person\/9b06974be0d71f639d2b3d7b67ef345a\"},\"headline\":\"Telecabina de la Massana: c\u00f3mo llegar, horario, precio y consejos\",\"datePublished\":\"2023-10-25T14:24:56+00:00\",\"dateModified\":\"2024-05-24T09:28:54+00:00\",\"mainEntityOfPage\":{\"@id\":\"https:\/\/www.estiber.com\/blog\/telecabina-de-la-massana\/\"},\"wordCount\":1409,\"commentCount\":0,\"publisher\":{\"@id\":\"https:\/\/www.estiber.com\/blog\/#organization\"},\"image\":{\"@id\":\"https:\/\/www.estiber.com\/blog\/telecabina-de-la-massana\/#primaryimage\"},\"thumbnailUrl\":\"https:\/\/www.estiber.com\/blog\/wp-content\/uploads\/2023\/10\/telecabina-massana-arinsal.jpg\",\"keywords\":[\"Esqu\u00ed\",\"Noticias de Vallnord\",\"Pal - Arinsal\"],\"articleSection\":[\"Noticias\"],\"inLanguage\":\"es\",\"potentialAction\":[{\"@type\":\"CommentAction\",\"name\":\"Comment\",\"target\":[\"https:\/\/www.estiber.com\/blog\/telecabina-de-la-massana\/#respond\"]}]},{\"@type\":\"WebPage\",\"@id\":\"https:\/\/www.estiber.com\/blog\/telecabina-de-la-massana\/\",\"url\":\"https:\/\/www.estiber.com\/blog\/telecabina-de-la-massana\/\",\"name\":\"Telecabina de la Massana: c\u00f3mo llegar, horario, precio y consejos\",\"isPartOf\":{\"@id\":\"https:\/\/www.estiber.com\/blog\/#website\"},\"primaryImageOfPage\":{\"@id\":\"https:\/\/www.estiber.com\/blog\/telecabina-de-la-massana\/#primaryimage\"},\"image\":{\"@id\":\"https:\/\/www.estiber.com\/blog\/telecabina-de-la-massana\/#primaryimage\"},\"thumbnailUrl\":\"https:\/\/www.estiber.com\/blog\/wp-content\/uploads\/2023\/10\/telecabina-massana-arinsal.jpg\",\"datePublished\":\"2023-10-25T14:24:56+00:00\",\"dateModified\":\"2024-05-24T09:28:54+00:00\",\"description\":\"El telecabina de la Massana nos permiten llegar a pistas de una forma \u00fanica, contemplando los incre\u00edbles paisajes que nos ofrece Andorra.\",\"breadcrumb\":{\"@id\":\"https:\/\/www.estiber.com\/blog\/telecabina-de-la-massana\/#breadcrumb\"},\"inLanguage\":\"es\",\"potentialAction\":[{\"@type\":\"ReadAction\",\"target\":[\"https:\/\/www.estiber.com\/blog\/telecabina-de-la-massana\/\"]}]},{\"@type\":\"ImageObject\",\"inLanguage\":\"es\",\"@id\":\"https:\/\/www.estiber.com\/blog\/telecabina-de-la-massana\/#primaryimage\",\"url\":\"https:\/\/www.estiber.com\/blog\/wp-content\/uploads\/2023\/10\/telecabina-massana-arinsal.jpg\",\"contentUrl\":\"https:\/\/www.estiber.com\/blog\/wp-content\/uploads\/2023\/10\/telecabina-massana-arinsal.jpg\",\"width\":750,\"height\":500},{\"@type\":\"BreadcrumbList\",\"@id\":\"https:\/\/www.estiber.com\/blog\/telecabina-de-la-massana\/#breadcrumb\",\"itemListElement\":[{\"@type\":\"ListItem\",\"position\":1,\"name\":\"Portada\",\"item\":\"https:\/\/www.estiber.com\/blog\/\"},{\"@type\":\"ListItem\",\"position\":2,\"name\":\"Telecabina de la Massana: c\u00f3mo llegar, horario, precio y consejos\"}]},{\"@type\":\"WebSite\",\"@id\":\"https:\/\/www.estiber.com\/blog\/#website\",\"url\":\"https:\/\/www.estiber.com\/blog\/\",\"name\":\"Blog Estiber\",\"description\":\"\",\"publisher\":{\"@id\":\"https:\/\/www.estiber.com\/blog\/#organization\"},\"potentialAction\":[{\"@type\":\"SearchAction\",\"target\":{\"@type\":\"EntryPoint\",\"urlTemplate\":\"https:\/\/www.estiber.com\/blog\/?s={search_term_string}\"},\"query-input\":{\"@type\":\"PropertyValueSpecification\",\"valueRequired\":true,\"valueName\":\"search_term_string\"}}],\"inLanguage\":\"es\"},{\"@type\":\"Organization\",\"@id\":\"https:\/\/www.estiber.com\/blog\/#organization\",\"name\":\"Viajes Estiber\",\"url\":\"https:\/\/www.estiber.com\/blog\/\",\"logo\":{\"@type\":\"ImageObject\",\"inLanguage\":\"es\",\"@id\":\"https:\/\/www.estiber.com\/blog\/#\/schema\/logo\/image\/\",\"url\":\"https:\/\/www.estiber.com\/blog\/wp-content\/uploads\/2017\/05\/estiber-ofertas-esqui-2.jpg\",\"contentUrl\":\"https:\/\/www.estiber.com\/blog\/wp-content\/uploads\/2017\/05\/estiber-ofertas-esqui-2.jpg\",\"width\":800,\"height\":800,\"caption\":\"Viajes Estiber\"},\"image\":{\"@id\":\"https:\/\/www.estiber.com\/blog\/#\/schema\/logo\/image\/\"},\"sameAs\":[\"https:\/\/www.facebook.com\/estiberviajes\",\"https:\/\/x.com\/estiberviajes\",\"https:\/\/www.instagram.com\/estiberviajes\/\",\"https:\/\/www.pinterest.com\/estiberviajes\/\"]},{\"@type\":\"Person\",\"@id\":\"https:\/\/www.estiber.com\/blog\/#\/schema\/person\/9b06974be0d71f639d2b3d7b67ef345a\",\"name\":\"Viajes Estiber\",\"image\":{\"@type\":\"ImageObject\",\"inLanguage\":\"es\",\"@id\":\"https:\/\/www.estiber.com\/blog\/#\/schema\/person\/image\/\",\"url\":\"https:\/\/secure.gravatar.com\/avatar\/051495a22a5ce727b6909eb86316af3cfcc7b5e4dea54b863ed8d2281ec15d4a?s=96&d=mm&r=g\",\"contentUrl\":\"https:\/\/secure.gravatar.com\/avatar\/051495a22a5ce727b6909eb86316af3cfcc7b5e4dea54b863ed8d2281ec15d4a?s=96&d=mm&r=g\",\"caption\":\"Viajes Estiber\"},\"description\":\"Ofertas de esqu\u00ed en Andorra, Alpes, Pirineo y Sierra Nevada. Encuentra ofertas de ski hotel m\u00e1s forfait y viajes de esqu\u00ed al mejor precio.\",\"url\":\"https:\/\/www.estiber.com\/blog\/author\/estiber\/\"}]}<\/script>\n<!-- \/ Yoast SEO plugin. -->","yoast_head_json":{"title":"Telecabina de la Massana: c\u00f3mo llegar, horario, precio y consejos","description":"El telecabina de la Massana nos permiten llegar a pistas de una forma \u00fanica, contemplando los incre\u00edbles paisajes que nos ofrece Andorra.","robots":{"index":"index","follow":"follow","max-snippet":"max-snippet:-1","max-image-preview":"max-image-preview:large","max-video-preview":"max-video-preview:-1"},"canonical":"https:\/\/www.estiber.com\/blog\/telecabina-de-la-massana\/","og_locale":"es_ES","og_type":"article","og_title":"Telecabina de la Massana: c\u00f3mo llegar, horario, precio y consejos","og_description":"El telecabina de la Massana nos permiten llegar a pistas de una forma \u00fanica, contemplando los incre\u00edbles paisajes que nos ofrece Andorra.","og_url":"https:\/\/www.estiber.com\/blog\/telecabina-de-la-massana\/","og_site_name":"Blog Estiber","article_publisher":"https:\/\/www.facebook.com\/estiberviajes","article_published_time":"2023-10-25T14:24:56+00:00","article_modified_time":"2024-05-24T09:28:54+00:00","og_image":[{"width":750,"height":500,"url":"https:\/\/www.estiber.com\/blog\/wp-content\/uploads\/2023\/10\/telecabina-massana-arinsal.jpg","type":"image\/jpeg"}],"author":"Viajes Estiber","twitter_card":"summary_large_image","twitter_creator":"@estiberviajes","twitter_site":"@estiberviajes","twitter_misc":{"Escrito por":"Viajes Estiber","Tiempo de lectura":"8 minutos"},"schema":{"@context":"https:\/\/schema.org","@graph":[{"@type":"Article","@id":"https:\/\/www.estiber.com\/blog\/telecabina-de-la-massana\/#article","isPartOf":{"@id":"https:\/\/www.estiber.com\/blog\/telecabina-de-la-massana\/"},"author":{"name":"Viajes Estiber","@id":"https:\/\/www.estiber.com\/blog\/#\/schema\/person\/9b06974be0d71f639d2b3d7b67ef345a"},"headline":"Telecabina de la Massana: c\u00f3mo llegar, horario, precio y consejos","datePublished":"2023-10-25T14:24:56+00:00","dateModified":"2024-05-24T09:28:54+00:00","mainEntityOfPage":{"@id":"https:\/\/www.estiber.com\/blog\/telecabina-de-la-massana\/"},"wordCount":1409,"commentCount":0,"publisher":{"@id":"https:\/\/www.estiber.com\/blog\/#organization"},"image":{"@id":"https:\/\/www.estiber.com\/blog\/telecabina-de-la-massana\/#primaryimage"},"thumbnailUrl":"https:\/\/www.estiber.com\/blog\/wp-content\/uploads\/2023\/10\/telecabina-massana-arinsal.jpg","keywords":["Esqu\u00ed","Noticias de Vallnord","Pal - Arinsal"],"articleSection":["Noticias"],"inLanguage":"es","potentialAction":[{"@type":"CommentAction","name":"Comment","target":["https:\/\/www.estiber.com\/blog\/telecabina-de-la-massana\/#respond"]}]},{"@type":"WebPage","@id":"https:\/\/www.estiber.com\/blog\/telecabina-de-la-massana\/","url":"https:\/\/www.estiber.com\/blog\/telecabina-de-la-massana\/","name":"Telecabina de la Massana: c\u00f3mo llegar, horario, precio y consejos","isPartOf":{"@id":"https:\/\/www.estiber.com\/blog\/#website"},"primaryImageOfPage":{"@id":"https:\/\/www.estiber.com\/blog\/telecabina-de-la-massana\/#primaryimage"},"image":{"@id":"https:\/\/www.estiber.com\/blog\/telecabina-de-la-massana\/#primaryimage"},"thumbnailUrl":"https:\/\/www.estiber.com\/blog\/wp-content\/uploads\/2023\/10\/telecabina-massana-arinsal.jpg","datePublished":"2023-10-25T14:24:56+00:00","dateModified":"2024-05-24T09:28:54+00:00","description":"El telecabina de la Massana nos permiten llegar a pistas de una forma \u00fanica, contemplando los incre\u00edbles paisajes que nos ofrece Andorra.","breadcrumb":{"@id":"https:\/\/www.estiber.com\/blog\/telecabina-de-la-massana\/#breadcrumb"},"inLanguage":"es","potentialAction":[{"@type":"ReadAction","target":["https:\/\/www.estiber.com\/blog\/telecabina-de-la-massana\/"]}]},{"@type":"ImageObject","inLanguage":"es","@id":"https:\/\/www.estiber.com\/blog\/telecabina-de-la-massana\/#primaryimage","url":"https:\/\/www.estiber.com\/blog\/wp-content\/uploads\/2023\/10\/telecabina-massana-arinsal.jpg","contentUrl":"https:\/\/www.estiber.com\/blog\/wp-content\/uploads\/2023\/10\/telecabina-massana-arinsal.jpg","width":750,"height":500},{"@type":"BreadcrumbList","@id":"https:\/\/www.estiber.com\/blog\/telecabina-de-la-massana\/#breadcrumb","itemListElement":[{"@type":"ListItem","position":1,"name":"Portada","item":"https:\/\/www.estiber.com\/blog\/"},{"@type":"ListItem","position":2,"name":"Telecabina de la Massana: c\u00f3mo llegar, horario, precio y consejos"}]},{"@type":"WebSite","@id":"https:\/\/www.estiber.com\/blog\/#website","url":"https:\/\/www.estiber.com\/blog\/","name":"Blog Estiber","description":"","publisher":{"@id":"https:\/\/www.estiber.com\/blog\/#organization"},"potentialAction":[{"@type":"SearchAction","target":{"@type":"EntryPoint","urlTemplate":"https:\/\/www.estiber.com\/blog\/?s={search_term_string}"},"query-input":{"@type":"PropertyValueSpecification","valueRequired":true,"valueName":"search_term_string"}}],"inLanguage":"es"},{"@type":"Organization","@id":"https:\/\/www.estiber.com\/blog\/#organization","name":"Viajes Estiber","url":"https:\/\/www.estiber.com\/blog\/","logo":{"@type":"ImageObject","inLanguage":"es","@id":"https:\/\/www.estiber.com\/blog\/#\/schema\/logo\/image\/","url":"https:\/\/www.estiber.com\/blog\/wp-content\/uploads\/2017\/05\/estiber-ofertas-esqui-2.jpg","contentUrl":"https:\/\/www.estiber.com\/blog\/wp-content\/uploads\/2017\/05\/estiber-ofertas-esqui-2.jpg","width":800,"height":800,"caption":"Viajes Estiber"},"image":{"@id":"https:\/\/www.estiber.com\/blog\/#\/schema\/logo\/image\/"},"sameAs":["https:\/\/www.facebook.com\/estiberviajes","https:\/\/x.com\/estiberviajes","https:\/\/www.instagram.com\/estiberviajes\/","https:\/\/www.pinterest.com\/estiberviajes\/"]},{"@type":"Person","@id":"https:\/\/www.estiber.com\/blog\/#\/schema\/person\/9b06974be0d71f639d2b3d7b67ef345a","name":"Viajes Estiber","image":{"@type":"ImageObject","inLanguage":"es","@id":"https:\/\/www.estiber.com\/blog\/#\/schema\/person\/image\/","url":"https:\/\/secure.gravatar.com\/avatar\/051495a22a5ce727b6909eb86316af3cfcc7b5e4dea54b863ed8d2281ec15d4a?s=96&d=mm&r=g","contentUrl":"https:\/\/secure.gravatar.com\/avatar\/051495a22a5ce727b6909eb86316af3cfcc7b5e4dea54b863ed8d2281ec15d4a?s=96&d=mm&r=g","caption":"Viajes Estiber"},"description":"Ofertas de esqu\u00ed en Andorra, Alpes, Pirineo y Sierra Nevada. Encuentra ofertas de ski hotel m\u00e1s forfait y viajes de esqu\u00ed al mejor precio.","url":"https:\/\/www.estiber.com\/blog\/author\/estiber\/"}]}},"_links":{"self":[{"href":"https:\/\/www.estiber.com\/blog\/wp-json\/wp\/v2\/posts\/10311","targetHints":{"allow":["GET"]}}],"collection":[{"href":"https:\/\/www.estiber.com\/blog\/wp-json\/wp\/v2\/posts"}],"about":[{"href":"https:\/\/www.estiber.com\/blog\/wp-json\/wp\/v2\/types\/post"}],"author":[{"embeddable":true,"href":"https:\/\/www.estiber.com\/blog\/wp-json\/wp\/v2\/users\/1"}],"replies":[{"embeddable":true,"href":"https:\/\/www.estiber.com\/blog\/wp-json\/wp\/v2\/comments?post=10311"}],"version-history":[{"count":16,"href":"https:\/\/www.estiber.com\/blog\/wp-json\/wp\/v2\/posts\/10311\/revisions"}],"predecessor-version":[{"id":12642,"href":"https:\/\/www.estiber.com\/blog\/wp-json\/wp\/v2\/posts\/10311\/revisions\/12642"}],"wp:featuredmedia":[{"embeddable":true,"href":"https:\/\/www.estiber.com\/blog\/wp-json\/wp\/v2\/media\/10344"}],"wp:attachment":[{"href":"https:\/\/www.estiber.com\/blog\/wp-json\/wp\/v2\/media?parent=10311"}],"wp:term":[{"taxonomy":"category","embeddable":true,"href":"https:\/\/www.estiber.com\/blog\/wp-json\/wp\/v2\/categories?post=10311"},{"taxonomy":"post_tag","embeddable":true,"href":"https:\/\/www.estiber.com\/blog\/wp-json\/wp\/v2\/tags?post=10311"}],"curies":[{"name":"wp","href":"https:\/\/api.w.org\/{rel}","templated":true}]}}